{"id":317627,"date":"2024-01-23T16:04:45","date_gmt":"2024-01-23T15:04:45","guid":{"rendered":"https:\/\/www.eunews.it\/2024\/01\/23\/bosnia-ed-erzegovina-negoziati-ue\/"},"modified":"2024-01-25T17:42:07","modified_gmt":"2024-01-25T16:42:07","slug":"march-european-council-to-be-decisive-for-bosnia-and-herzegovinas-eu-accession-negotiations","status":"publish","type":"post","link":"https:\/\/www.eunews.it\/en\/2024\/01\/23\/march-european-council-to-be-decisive-for-bosnia-and-herzegovinas-eu-accession-negotiations\/","title":{"rendered":"March European Council to be decisive for Bosnia and Herzegovina&#8217;s EU accession negotiations"},"content":{"rendered":"<p>Brussels &#8211; After a breakthrough European Council meeting, the next one should be decisive. <strong>Bosnia and Herzegovina&#8217;s hopes of seeing EU accession negotiations begin<\/strong> all depend on the outcome of the summit of heads of state and government of the 27 member countries scheduled for March 21-22, based on a report that the European Commission is drafting on the candidate&#8217;s progress for this crucial milestone on the path to membership. &#8220;<strong>A single, united, and sovereign country: that is our common goal for Bosnia and Herzegovina in the EU.<\/strong> We will present the report by March and the European Council will discuss on the basis of this report,&#8221; European Commission President <strong>Ursula von der Leyen<\/strong> made clear at a press point in Sarajevo during her trip together with the prime ministers of Croatia <strong>Andrej Plenkovi\u0107<\/strong>, and the Netherlands <strong>Mark Rutte<\/strong>.<\/p>\n<p>&#8220;We have discussed the next steps. We need to see progress&#8221; on key chapters, the head of the EU executive explained this morning (January 23), &#8220;<strong>The more you deliver&#8230;the more you\u00a0help me to produce a report that reflects this movement forward.<\/strong>&#8221; The reference is to the\u00a0 December European Council <a href=\"https:\/\/www.eunews.it\/en\/2023\/12\/14\/ukraines-historic-day-european-council-unblocks-the-road-to-eu-membership\/\" target=\"_blank\" rel=\"noopener\">decision<\/a> to start accession negotiations with Sarajevo &#8220;once the necessary degree of compliance with the accession criteria is achieved.&#8221; In parallel, work on the Western Balkans Growth Plan also continues, and &#8211; after von der Leyen&#8217;s veiled threats during the last trip to Sarajevo on the redistribution of resources to the other Balkan partners in case of failure to implement reforms &#8211; there were assurances that &#8220;<strong>we have designed the Plan so that no other country can block it<\/strong>, it is only your decision.&#8221;<\/p>\n<p>Returning to the issue of the start of EU accession negotiations, Bosnia and Herzegovina&#8217;s Chairwoman of the Council of Ministers, <strong>Borjana Kri\u0161to<\/strong>, wanted to illustrate the commitment of the national authorities with both &#8220;ongoing legislative work on 13 draft laws&#8221; and a &#8220;program of reforms through 2024.&#8221; <strong>In Sarajevo, &#8220;there is optimism&#8221; that &#8220;in March there will be a date to start negotiations,&#8221;<\/strong> Kri\u0161to stressed, receiving confirmation from Croatian Prime Minister Plenkovi\u0107: &#8220;The report should help us find consensus on a positive decision. <strong>Use this window of opportunity to push the reforms to be included in the report<\/strong>.&#8221; The Croatian leader, however, ended up at the center of controversy in the national public opinion for deserting the meeting with the three members of the Bosnia and Herzegovina presidency, in controversy over the presence of the Croat-Bosnian representative, <strong>\u017deljko Kom\u0161i\u0107<\/strong> (not considered legitimate by Zagreb). Proof that Croatia is not one of the leading EU member countries without interest in the EU enlargement process, because it has\u00a0a parallel nationalist game.<\/p>\n<figure id=\"attachment_317413\" class=\"wp-caption alignright\" style=\"width: 450px;\">\n<p><figure id=\"attachment_317413\" aria-describedby=\"caption-attachment-317413\" style=\"width: 450px\" class=\"wp-caption alignright\"><a href=\"https:\/\/www.eunews.it\/wp-content\/uploads\/2024\/01\/P062761-400946-scaled.jpg\"><img decoding=\"async\" class=\"wp-image-317413\" src=\"https:\/\/www.eunews.it\/wp-content\/uploads\/2024\/01\/P062761-400946-300x200.jpg\" alt=\"Bosnia and Herzegovina Ursula von der Leyen\" width=\"450\" height=\"300\" srcset=\"https:\/\/www.eunews.it\/wp-content\/uploads\/2024\/01\/P062761-400946-300x200.jpg 300w, https:\/\/www.eunews.it\/wp-content\/uploads\/2024\/01\/P062761-400946-1024x681.jpg 1024w, https:\/\/www.eunews.it\/wp-content\/uploads\/2024\/01\/P062761-400946-768x511.jpg 768w, https:\/\/www.eunews.it\/wp-content\/uploads\/2024\/01\/P062761-400946-1536x1022.jpg 1536w, https:\/\/www.eunews.it\/wp-content\/uploads\/2024\/01\/P062761-400946-2048x1363.jpg 2048w, https:\/\/www.eunews.it\/wp-content\/uploads\/2024\/01\/P062761-400946-750x499.jpg 750w, https:\/\/www.eunews.it\/wp-content\/uploads\/2024\/01\/P062761-400946-1140x758.jpg 1140w\" sizes=\"(max-width: 450px) 100vw, 450px\" \/><\/a><figcaption id=\"caption-attachment-317413\" class=\"wp-caption-text\">From left: Bosnian co-president, \u017deljko Kom\u0161i\u0107, European Commission president, Ursula von der Leyen, Bosnian co-president, Denis Be\u0107irovi\u0107, Prime Minister of the Netherlands, Mark Rutte, and Bosnian co-president \u017deljka Cvijanovi\u0107 (Jan. 23, 2023)<\/figcaption><\/figure><figcaption id=\"caption-attachment-317413\" class=\"wp-caption-text\"><\/figcaption><\/figure>\n<p>In any case, PM Plenkovi\u0107&#8217;s at the press conference spoke of a particularly urgent issue for the entire Union. &#8220;<strong>If we miss the opportunity<\/strong> [<em>to start the EU accession negotiations, ed.<\/em>] <strong>in March, we will lose the rest of the year, and we will almost certainly end up in January 2025<\/strong>,&#8221; he warned two months before the 27 leaders&#8217; meeting: &#8220;In two months, the European election campaign will begin, and then the new institutions will have to take office.&#8221; A prediction not ruled out by von der Leyen, whose intentions to\u00a0run for the presidency of the EU executive are still unknown: &#8220;After March,<strong> the year will be full of issues such as elections and the new configuration of the Parliament and the Commission<\/strong>.&#8221; Without putting the brakes on Sarajevo&#8217;s chances of aspiring to the start of accession negotiations as soon as possible, Dutch Prime Minister Rutte was nonetheless keen to reiterate that &#8220;all criteria must be met. I<strong>n the current situation, one has to\u00a0admit that there is still a lot of work to be done<\/strong>, but we are all willing to help.&#8221;<\/p>\n<h3 id='bosnia-and-herzegovina-s-eu-accession-path'  id=\"boomdevs_1\">Bosnia and Herzegovina&#8217;s EU accession path<\/h3>\n<p style=\"margin-bottom: 0px;\">Bosnia and Herzegovina&#8217;s journey towards the European Union began<strong> on February 15, 2016, with the official filing of its membership application<\/strong>. For more than six years, no positive response came from EU institutions\u00a0because of the country&#8217;s near-disastrous situation on the basic conditions (<a href=\"https:\/\/eur-lex.europa.eu\/legal-content\/EN\/TXT\/?uri=LEGISSUM%3Aaccession_criteria_copenhague\" target=\"_blank\" rel=\"noopener\">Copenaghen criteria<\/a>) for being considered a formal candidate. However, over the past two years, signs of confidence have intensified, especially from the EU executive and its president, even given the <strong>risks of Russian destabilization<\/strong> of a very delicate country and region in the heart of Europe.<\/p>\n<p><a href=\"https:\/\/www.eunews.it\/wp-content\/uploads\/2023\/12\/GEA-AllargamentoUE-1-scaled.jpg\"><img decoding=\"async\" class=\" wp-image-286460 alignright\" src=\"https:\/\/www.eunews.it\/wp-content\/uploads\/2023\/12\/GEA-AllargamentoUE-1-267x300.jpg\" alt=\"Eu Enlargement 14\/12\/2023\" width=\"500\" height=\"562\" srcset=\"https:\/\/www.eunews.it\/wp-content\/uploads\/2023\/12\/GEA-AllargamentoUE-1-267x300.jpg 267w, https:\/\/www.eunews.it\/wp-content\/uploads\/2023\/12\/GEA-AllargamentoUE-1-912x1024.jpg 912w, https:\/\/www.eunews.it\/wp-content\/uploads\/2023\/12\/GEA-AllargamentoUE-1-768x862.jpg 768w, https:\/\/www.eunews.it\/wp-content\/uploads\/2023\/12\/GEA-AllargamentoUE-1-1369x1536.jpg 1369w, https:\/\/www.eunews.it\/wp-content\/uploads\/2023\/12\/GEA-AllargamentoUE-1-1825x2048.jpg 1825w, https:\/\/www.eunews.it\/wp-content\/uploads\/2023\/12\/GEA-AllargamentoUE-1-750x842.jpg 750w, https:\/\/www.eunews.it\/wp-content\/uploads\/2023\/12\/GEA-AllargamentoUE-1-1140x1279.jpg 1140w\" sizes=\"(max-width: 500px) 100vw, 500px\" \/><\/a>Therefore, at the presentation of the 2022 Enlargement Package, the Commission recommended to the <strong>Council\u00a0t<\/strong>o grant Bosnia and Herzegovina candidate status for EU membership, accompanied by a particularly passionate speech in Sarajevo by von der Leyen during her trip to the Balkan capitals to announce Brussels&#8217; strong support. After assessing the Commission&#8217;s opinion, the December 15, 2022, EU Leaders&#8217; Summit approved\u00a0<strong>granting Bosnia and Herzegovina the status of candidate country for EU membership<\/strong> while emphasizing the need to implement crucial reforms in the areas of rule of law, fundamental rights, strengthening of democratic institutions and public administration.<\/p>\n<p>After becoming the eighth candidate country for accession in the EU enlargement process, Bosnia and Herzegovina has continued to push on its path to the Union. Thanks to the (albeit limited) progress made by Brussels in the 2023 Enlargement Package, the EU Commission decided to include a recommendation to the European Council to <strong>launch accession negotiations for Sarajevo &#8220;once the necessary degree of compliance with the accession criteria has been achieved.&#8221;<\/strong> In other words, the recommendation is there, but it was already a foregone conclusion that the response of the leaders&#8217; summit\u00a0would be to wait for new positive news on the 14 priorities outlined by the Commission (of which only two were completed). At the last European Council in December, <a href=\"https:\/\/www.eunews.it\/en\/2023\/12\/14\/ukraines-historic-day-european-council-unblocks-the-road-to-eu-membership\/\" target=\"_blank\" rel=\"noopener\">it went exactly like this<\/a>, with the <strong>decision to start negotiations with Bosnia and Herzegovina, but without indicating a starting date<\/strong>. That is why the March 21-22 summit is considered decisive, even given the agenda in Brussels &#8211; electoral first and institutional later &#8211; in the remaining nine months of the year.<\/p>\n<h3 id='the-republika-srpska-hurdle'  id=\"boomdevs_2\">The Republika Srpska hurdle<\/h3>\n<p style=\"margin-bottom: 0px;\">Yet the path of Bosnia and Herzegovina&#8217;s rapprochement with the Union is made particularly difficult by the president of Republika Srpska <strong>Milorad Dodik<\/strong>, who has championed <strong>a secessionist project <\/strong>from October 2021. The goal is to remove itself from central state control in such\u00a0areas as the military, tax system, and\u00a0judiciary, <strong>more than 20 years after the end of the ethnic war in Bosnia and Herzegovina<\/strong>. The European Parliament has called for economic sanctions. After the condemnation of secessionist attempts by the Serb majority\u00a0in Bosnia (with a bill to establish an autonomous High Judicial Council), Bosnian leaders gathered in Brussels in mid-June 2022 to sign a\u00a0paper for stability and peace, focused primarily on <strong>electoral and constitutional reforms in the Balkan country<\/strong>.<\/p>\n<figure id=\"attachment_201237\" class=\"wp-caption alignright\" style=\"width: 452px;\">\n<p><figure id=\"attachment_201237\" aria-describedby=\"caption-attachment-201237\" style=\"width: 452px\" class=\"wp-caption alignright\"><a href=\"https:\/\/www.eunews.it\/wp-content\/uploads\/2023\/05\/Schermata-2023-05-24-alle-10.00.23.png\"><img decoding=\"async\" class=\"wp-image-201237\" src=\"https:\/\/www.eunews.it\/wp-content\/uploads\/2023\/05\/Schermata-2023-05-24-alle-10.00.23-300x221.png\" alt=\"Dodik Putin Russia Republika Srpska\" width=\"452\" height=\"333\" srcset=\"https:\/\/www.eunews.it\/wp-content\/uploads\/2023\/05\/Schermata-2023-05-24-alle-10.00.23-300x221.png 300w, https:\/\/www.eunews.it\/wp-content\/uploads\/2023\/05\/Schermata-2023-05-24-alle-10.00.23-1024x756.png 1024w, https:\/\/www.eunews.it\/wp-content\/uploads\/2023\/05\/Schermata-2023-05-24-alle-10.00.23-768x567.png 768w, https:\/\/www.eunews.it\/wp-content\/uploads\/2023\/05\/Schermata-2023-05-24-alle-10.00.23.png 1100w\" sizes=\"(max-width: 452px) 100vw, 452px\" \/><\/a><figcaption id=\"caption-attachment-201237\" class=\"wp-caption-text\">From left:\u00a0Republika Srpska President Milorad Dodik and Russian autocrat Vladimir Putin, at the Kremlin on May 23, 2023\u00a0(credits: Alexey Filippov \/ Sputnik \/ Afp)<\/figcaption><\/figure><\/figure>\n<p>However, concerns have increased since late March 2023, when the government of the Bosnian Serb entity presented a draft law to establish a registry of foreign-funded associations and foundations.<strong> The <span lang=\"HR\">&#8216;foreign agents&#8217; law <\/span>is similar to the one adopted by Moscow in December 2022 <\/strong>and was approved in late September by the Banka Luka <span lang=\"HR\">National Assembly, with open criticism from Brussels<\/span>.<\/p>\n<p style=\"margin-bottom: 0px;\">In parallel, the process of adopting <strong>amendments to the Criminal Code reintroducing criminal penalties for defamation <\/strong>also advanced. The proposal dates to\u00a0late March and entered into force on August 18. It envisages fines of 5,000 to 20,000 Bosnian marks (2,550 to 10,200 euros) if defamation occurs &#8220;through the press, radio, television, or other public media, during a public meeting, or otherwise.&#8221; The European External Action Service (EEAS) and the EU delegation in Sarajevo attacked Banja Luka, highlighting that the two laws &#8220;<strong>have <\/strong><span lang=\"HR\"><strong>had a frightening effect on freedom of speech in Republika Srpska<\/strong>.&#8221;<\/span><\/p>\n<p>Along with the secessionist provocations was the issue of the relationship with Russia after the invasion of Ukraine. As early as September 20, 2022, Dodik traveled to Moscow for a bilateral meeting with Putin after provoking Western partners on the illegal annexation of Ukrainian regions occupied by Russia. These provocations continued into January 2023, conferring to the<strong> Russian autocrat the Order of Republika Srpska<\/strong> (the highest honor of the Serb-majority entity in the Balkan country) &#8211; in recognition of &#8220;patriotic concern and love&#8221; toward Banja Luka&#8217;s demands &#8211; during the National Day of Republika Srpska, an unconstitutional holiday under Bosnian law. As if that were enough, Dodik went on a second trip to Mosco on May 23, while in Brussels, misgivings emerged about the Union&#8217;s failure to respond with sanctions. EU sources revealed to <em>Eunews<\/em> that <strong>a framework of restrictive measures has existed for some time now ready to be implemented<\/strong>, <strong>but Viktor Orb\u00e1n&#8217;s Hungary does not allow the green light<\/strong>. Any such foreign policy action requires unanimity in the Council.<\/p>\n<hr \/>\n<p><em>Find more insights on the Balkan region in <a href=\"https:\/\/barbalcani.substack.com\" target=\"_blank\" rel=\"noopener\">BarBalkans<\/a> newsletter\u00a0hosted by Eunews<\/em><\/p>\n","protected":false},"excerpt":{"rendered":"<p>In Sarajevo, EU Commission President Ursula von der Leyen analyzed the Balkan country&#8217;s progress ahead of the report she will prepare for the leaders&#8217; summit to make a decision. Risk of delay to January 2025 because of European election campaign and changing of the guard at European institutions<\/p>\n","protected":false},"author":5647,"featured_media":317064,"comment_status":"closed","ping_status":"closed","sticky":false,"template":"","format":"standard","meta":{"_acf_changed":false,"episode_type":"","audio_file":"","podmotor_file_id":"","podmotor_episode_id":"","cover_image":"","cover_image_id":"","duration":"","filesize":"","filesize_raw":"","date_recorded":"","explicit":"","block":"","jnews-multi-image_gallery":[],"jnews_single_post":{"source_name":"","source_url":"","via_name":"","via_url":"","override_template":"0","override":[{"template":"1","single_blog_custom":"","parallax":"1","fullscreen":"1","layout":"right-sidebar","sidebar":"default-sidebar","second_sidebar":"default-sidebar","sticky_sidebar":"1","share_position":"top","share_float_style":"share-monocrhome","show_share_counter":"0","show_view_counter":"0","show_featured":"1","show_post_meta":"1","show_post_author":"1","show_post_author_image":"1","show_post_date":"1","post_date_format":"default","post_date_format_custom":"Y\/m\/d","show_post_category":"1","show_post_reading_time":"0","post_reading_time_wpm":"300","show_zoom_button":"0","zoom_button_out_step":"2","zoom_button_in_step":"3","show_post_tag":"1","show_prev_next_post":"1","show_popup_post":"1","number_popup_post":"1","show_author_box":"0","show_post_related":"1","show_inline_post_related":"0"}],"override_image_size":"0","image_override":[{"single_post_thumbnail_size":"crop-500","single_post_gallery_size":"crop-500"}],"trending_post":"0","trending_post_position":"meta","trending_post_label":"Trending","sponsored_post":"0","sponsored_post_label":"Sponsored by","sponsored_post_name":"","sponsored_post_url":"","sponsored_post_logo_enable":"0","sponsored_post_logo":"","sponsored_post_desc":"","disable_ad":"0"},"jnews_primary_category":{"id":"","hide":""},"jnews_override_counter":{"override_view_counter":"0","view_counter_number":"0","override_share_counter":"0","share_counter_number":"0","override_like_counter":"0","like_counter_number":"0","override_dislike_counter":"0","dislike_counter_number":"0"},"footnotes":""},"categories":[25707],"tags":[25747,26007,26490,26491,26492,26494,25836,26329,26493,26495],"class_list":["post-317627","post","type-post","status-publish","format-standard","has-post-thumbnail","hentry","category-world-politics","tag-accession-ue-bosnia-en","tag-andrej-plenkovic-en","tag-borjana-kristo-en","tag-bosnia-ed-erzegovina-en","tag-package-enlargement-2023-en","tag-eu-enlargement-en","tag-mark-rule-one","tag-milorad-dodik-en","tag-republicofspain-en"],"acf":[],"_links":{"self":[{"href":"https:\/\/www.eunews.it\/en\/wp-json\/wp\/v2\/posts\/317627","targetHints":{"allow":["GET"]}}],"collection":[{"href":"https:\/\/www.eunews.it\/en\/wp-json\/wp\/v2\/posts"}],"about":[{"href":"https:\/\/www.eunews.it\/en\/wp-json\/wp\/v2\/types\/post"}],"author":[{"embeddable":true,"href":"https:\/\/www.eunews.it\/en\/wp-json\/wp\/v2\/users\/5647"}],"replies":[{"embeddable":true,"href":"https:\/\/www.eunews.it\/en\/wp-json\/wp\/v2\/comments?post=317627"}],"version-history":[{"count":1212,"href":"https:\/\/www.eunews.it\/en\/wp-json\/wp\/v2\/posts\/317627\/revisions"}],"predecessor-version":[{"id":329488,"href":"https:\/\/www.eunews.it\/en\/wp-json\/wp\/v2\/posts\/317627\/revisions\/329488"}],"wp:featuredmedia":[{"embeddable":true,"href":"https:\/\/www.eunews.it\/en\/wp-json\/wp\/v2\/media\/317064"}],"wp:attachment":[{"href":"https:\/\/www.eunews.it\/en\/wp-json\/wp\/v2\/media?parent=317627"}],"wp:term":[{"taxonomy":"category","embeddable":true,"href":"https:\/\/www.eunews.it\/en\/wp-json\/wp\/v2\/categories?post=317627"},{"taxonomy":"post_tag","embeddable":true,"href":"https:\/\/www.eunews.it\/en\/wp-json\/wp\/v2\/tags?post=317627"}],"curies":[{"name":"wp","href":"https:\/\/api.w.org\/{rel}","templated":true}]}}