{"id":331663,"date":"2024-02-01T10:28:26","date_gmt":"2024-02-01T09:28:26","guid":{"rendered":"https:\/\/www.eunews.it\/2024\/02\/01\/agricoltori-in-rivolta-proteste-e-roghi-fuori-dal-parlamento-europeo-mentre-a-bruxelles-si-riuniscono-i-leader\/"},"modified":"2024-02-05T18:54:18","modified_gmt":"2024-02-05T17:54:18","slug":"farmers-in-revolt-protests-and-burning-outside-european-parliament-as-leaders-meet-in-brussels","status":"publish","type":"post","link":"https:\/\/www.eunews.it\/en\/2024\/02\/01\/farmers-in-revolt-protests-and-burning-outside-european-parliament-as-leaders-meet-in-brussels\/","title":{"rendered":"Farmers in revolt, protests and burning outside European Parliament as leaders meet in Brussels"},"content":{"rendered":"<p>Brussels &#8211; Protests, fires, and tractors: protests by farmers and trade associations began at dawn this morning in the square in front of the European Parliament, <em>Place du Luxembourg,<\/em> while a few hundred meters away in Brussels, Heads of State and Government are meeting in an Extraordinary European Dedicated Summit to break the deadlock on the <strong>long-term interim budget review for (2021-2027)<\/strong>.\u00a0<a href=\"https:\/\/www.eunews.it\/wp-content\/uploads\/2024\/02\/PXL_20240201_073400323.MP_-scaled.jpg\"><img decoding=\"async\" class=\"alignright wp-image-331621\" src=\"https:\/\/www.eunews.it\/wp-content\/uploads\/2024\/02\/PXL_20240201_073400323.MP_-225x300.jpg\" width=\"267\" height=\"356\" srcset=\"https:\/\/www.eunews.it\/wp-content\/uploads\/2024\/02\/PXL_20240201_073400323.MP_-225x300.jpg 225w, https:\/\/www.eunews.it\/wp-content\/uploads\/2024\/02\/PXL_20240201_073400323.MP_-768x1024.jpg 768w, https:\/\/www.eunews.it\/wp-content\/uploads\/2024\/02\/PXL_20240201_073400323.MP_-1152x1536.jpg 1152w, https:\/\/www.eunews.it\/wp-content\/uploads\/2024\/02\/PXL_20240201_073400323.MP_-1536x2048.jpg 1536w, https:\/\/www.eunews.it\/wp-content\/uploads\/2024\/02\/PXL_20240201_073400323.MP_-750x1000.jpg 750w, https:\/\/www.eunews.it\/wp-content\/uploads\/2024\/02\/PXL_20240201_073400323.MP_-1140x1520.jpg 1140w, https:\/\/www.eunews.it\/wp-content\/uploads\/2024\/02\/PXL_20240201_073400323.MP_-scaled.jpg 1920w\" sizes=\"(max-width: 267px) 100vw, 267px\" \/><\/a><\/p>\n<p>According to local media, <a href=\"https:\/\/www.lesoir.be\/565193\/article\/2024-02-01\/colere-des-agriculteurs-au-moins-un-millier-de-tracteurs-sont-arrives-bruxelles\" target=\"_blank\" rel=\"noopener\">some 1,000 tractors are parked<\/a> symbolically in the European Quarter in Brussels, protesting against <strong>overly stringent EU policies<\/strong> and rising fuel prices. Also present was Coldiretti that explained to Eunews that it wanted to ask the EU for &#8220;more congruous rules that would allow us to work in a more stable manner, with lower costs and, above all, be more competitive in terms of production.&#8221; Protesters also tore down and burnt one of the five statutes dating back to 1871 that are at the center of\u00a0Luxembourg Square, the one representing a steelworker, Beaufort, one of the main collaborators of the Belgian rail pioneer Joch Cockerill, whose statute is at the center of the art complex.<\/p>\n<p><a href=\"https:\/\/twitter.com\/YvesRouyet\" target=\"_blank\" rel=\"noopener\"><img decoding=\"async\" src=\"https:\/\/pbs.twimg.com\/profile_images\/1071440040344080386\/4cTKHXkL_normal.jpg\" \/>Yves Rouyet@YvesRouyet<\/a><a href=\"https:\/\/twitter.com\/hashtag\/ixelles?src=hashtag_click\" target=\"_blank\" rel=\"noopener\">#ixelles<\/a> Une des sculptures historiques (1871 ) de la place du Luxembourg a \u00e9t\u00e9 d\u00e9mont\u00e9e par les agriculteurs et mise au feu. Elle repr\u00e9sente un ouvrier sid\u00e9rurgiste.<br \/>\nD&#8217;un point de vue patrimonial, c&#8217;est irr\u00e9parable. D&#8217;un point de vue symbolique, c&#8217;est \u00e0 pleurer<\/p>\n<p><a href=\"https:\/\/twitter.com\/YvesRouyet\/status\/1752971940568915979\" target=\"_blank\" rel=\"noopener\">https:\/\/twitter.com\/YvesRouyet\/status\/1752971940568915979<\/a><\/p>\n<p>A Coldiretti representative explained that Brussels is &#8220;continuing to take away subsidies that agriculture needs for its subsistence, from farm diesel to the 4 percent set-aside requirement&#8221; under the CAP. &#8220;It&#8217;s not a system that allows farmers to sustain their farm and their family and, therefore, they are moving away from the land,&#8221; he concludes.\u00a0<a href=\"https:\/\/www.eunews.it\/wp-content\/uploads\/2024\/02\/WhatsApp-Image-2024-02-01-at-09.52.06.jpeg\"><img decoding=\"async\" class=\"alignleft wp-image-331607\" src=\"https:\/\/www.eunews.it\/wp-content\/uploads\/2024\/02\/WhatsApp-Image-2024-02-01-at-09.52.06-225x300.jpeg\" width=\"241\" height=\"321\" srcset=\"https:\/\/www.eunews.it\/wp-content\/uploads\/2024\/02\/WhatsApp-Image-2024-02-01-at-09.52.06-225x300.jpeg 225w, https:\/\/www.eunews.it\/wp-content\/uploads\/2024\/02\/WhatsApp-Image-2024-02-01-at-09.52.06-768x1024.jpeg 768w, https:\/\/www.eunews.it\/wp-content\/uploads\/2024\/02\/WhatsApp-Image-2024-02-01-at-09.52.06-1152x1536.jpeg 1152w, https:\/\/www.eunews.it\/wp-content\/uploads\/2024\/02\/WhatsApp-Image-2024-02-01-at-09.52.06-750x1000.jpeg 750w, https:\/\/www.eunews.it\/wp-content\/uploads\/2024\/02\/WhatsApp-Image-2024-02-01-at-09.52.06-1140x1520.jpeg 1140w, https:\/\/www.eunews.it\/wp-content\/uploads\/2024\/02\/WhatsApp-Image-2024-02-01-at-09.52.06.jpeg 1512w\" sizes=\"(max-width: 241px) 100vw, 241px\" \/><\/a><\/p>\n<p>To dampen tempers, <a href=\"https:\/\/www.eunews.it\/en\/2024\/01\/31\/brussels-unblocks-cap-waivers-amid-tractor-protests\/\" target=\"_blank\" rel=\"noopener\">yesterday, the European Commission extended its hand to\u00a0<\/a>farmers by granting a one-year extension to\u00a0<strong>4 percent<\/strong> set-aside obligation waiver: &#8220;They waiver them for twelve months, and then it starts all over again. We want a solid policy pointing to the future for us and consumers because you buy our stuff in the supermarket.&#8221;<\/p>\n<p>The tractors arrived in Brussels after marching in various EU countries, from France to Germany via Poland and, to some extent, Italy. It is not hard to imagine that the farmers&#8217; protests will also come up at today&#8217;s European Council, although not formally on the agenda. In the run-up to European elections in June, many center-right leaders are riding on the instances and anger of farmers, who are asking the EU for a break from the green goals of the Green Deal.<\/p>\n<p>Upon his arrival in Brussels last night, Hungarian Prime Minister <strong>Viktor Orban<\/strong> made it known that he had met with farmers protesting against the challenges faced by European farmers due to current EU policies and competition from Ukrainian agriculture. A <a href=\"https:\/\/x.com\/zoltanspox\/status\/1752787312763621884?s=20\" target=\"_blank\" rel=\"noopener\">post on X clarified<\/a> that &#8220;the Commission should represent the interests of European farmers against those of Ukraine, and not the other way around.&#8221;\u00a0<a href=\"https:\/\/www.eunews.it\/wp-content\/uploads\/2024\/02\/PXL_20240201_074057630.MP_-scaled.jpg\"><img decoding=\"async\" class=\"alignright wp-image-331618\" src=\"https:\/\/www.eunews.it\/wp-content\/uploads\/2024\/02\/PXL_20240201_074057630.MP_-225x300.jpg\" width=\"275\" height=\"367\" srcset=\"https:\/\/www.eunews.it\/wp-content\/uploads\/2024\/02\/PXL_20240201_074057630.MP_-225x300.jpg 225w, https:\/\/www.eunews.it\/wp-content\/uploads\/2024\/02\/PXL_20240201_074057630.MP_-768x1024.jpg 768w, https:\/\/www.eunews.it\/wp-content\/uploads\/2024\/02\/PXL_20240201_074057630.MP_-1152x1536.jpg 1152w, https:\/\/www.eunews.it\/wp-content\/uploads\/2024\/02\/PXL_20240201_074057630.MP_-1536x2048.jpg 1536w, https:\/\/www.eunews.it\/wp-content\/uploads\/2024\/02\/PXL_20240201_074057630.MP_-750x1000.jpg 750w, https:\/\/www.eunews.it\/wp-content\/uploads\/2024\/02\/PXL_20240201_074057630.MP_-1140x1520.jpg 1140w, https:\/\/www.eunews.it\/wp-content\/uploads\/2024\/02\/PXL_20240201_074057630.MP_-scaled.jpg 1920w\" sizes=\"(max-width: 275px) 100vw, 275px\" \/><\/a><\/p>\n<p>It&#8217;s not just Hungary: France is also among the countries where protests are loudest, and French President\u00a0<strong>Emmanuel Macron<\/strong>\u00a0will have talks with European Commission President\u00a0<strong>Ursula von der Leyen, the\u00a0<\/strong>\u00a0Elys\u00e9e Palace said in recent days, noting that they would take place on the sidelines of the extraordinary summit. They will focus, in particular, on the EU-Mercosur trade agreement, set-aside land imposed on farmers, and the arrival of Ukrainian products in the Union, according to the French presidency. &#8220;We see you, and we hear you. But if you want your voice to be heard, let it also be heard in June when we go to vote in the European elections,&#8221; said the president of the European Parliament, <strong>Roberta Metsola<\/strong>, arriving at the extraordinary summit.<\/p>\n<p>&#8220;We enter the campaign period. We need to realize that there are sectors that we have not listened to enough,&#8221; Metsola explained. &#8220;We need to understand that if there is frustration, either we have not communicated well enough or we have not consulted enough. We need to say so and be honest with our citizens.&#8221;<\/p>\n","protected":false},"excerpt":{"rendered":"<p>About 1,000 tractors symbolically parked at the European Quarter. The protests began this morning at dawn<\/p>\n","protected":false},"author":4544,"featured_media":331671,"comment_status":"closed","ping_status":"closed","sticky":false,"template":"","format":"standard","meta":{"_acf_changed":false,"episode_type":"","audio_file":"","podmotor_file_id":"","podmotor_episode_id":"","cover_image":"","cover_image_id":"","duration":"","filesize":"","filesize_raw":"","date_recorded":"","explicit":"","block":"","jnews-multi-image_gallery":[],"jnews_single_post":{"source_name":"","source_url":"","via_name":"","via_url":"","override_template":"0","override":[{"template":"1","single_blog_custom":"","parallax":"1","fullscreen":"1","layout":"right-sidebar","sidebar":"default-sidebar","second_sidebar":"default-sidebar","sticky_sidebar":"1","share_position":"top","share_float_style":"share-monocrhome","show_share_counter":"0","show_view_counter":"0","show_featured":"1","show_post_meta":"1","show_post_author":"1","show_post_author_image":"1","show_post_date":"1","post_date_format":"default","post_date_format_custom":"Y\/m\/d","show_post_category":"1","show_post_reading_time":"0","post_reading_time_wpm":"300","show_zoom_button":"0","zoom_button_out_step":"2","zoom_button_in_step":"3","show_post_tag":"1","show_prev_next_post":"1","show_popup_post":"1","number_popup_post":"1","show_author_box":"0","show_post_related":"1","show_inline_post_related":"0"}],"override_image_size":"0","image_override":[{"single_post_thumbnail_size":"crop-500","single_post_gallery_size":"crop-500"}],"trending_post":"0","trending_post_position":"meta","trending_post_label":"Trending","sponsored_post":"0","sponsored_post_label":"Sponsored by","sponsored_post_name":"","sponsored_post_url":"","sponsored_post_logo_enable":"0","sponsored_post_logo":"","sponsored_post_desc":"","disable_ad":"0"},"jnews_primary_category":{"id":"","hide":""},"jnews_override_counter":{"override_view_counter":"0","view_counter_number":"0","override_share_counter":"0","share_counter_number":"0","override_like_counter":"0","like_counter_number":"0","override_dislike_counter":"0","dislike_counter_number":"0"},"footnotes":""},"categories":[25705,25712],"tags":[25746,25855,25733,25903,26064,26027,26650,25759],"class_list":["post-331663","post","type-post","status-publish","format-standard","has-post-thumbnail","hentry","category-business","category-general-news","tag-agriculture-en","tag-bruxelles-en-2","tag-farmers-en","tag-giorgia-meloni-en","tag-vertice-dei-leader-en","tag-protesterand","tag-roberta-metsolaat"],"acf":[],"_links":{"self":[{"href":"https:\/\/www.eunews.it\/en\/wp-json\/wp\/v2\/posts\/331663","targetHints":{"allow":["GET"]}}],"collection":[{"href":"https:\/\/www.eunews.it\/en\/wp-json\/wp\/v2\/posts"}],"about":[{"href":"https:\/\/www.eunews.it\/en\/wp-json\/wp\/v2\/types\/post"}],"author":[{"embeddable":true,"href":"https:\/\/www.eunews.it\/en\/wp-json\/wp\/v2\/users\/4544"}],"replies":[{"embeddable":true,"href":"https:\/\/www.eunews.it\/en\/wp-json\/wp\/v2\/comments?post=331663"}],"version-history":[{"count":13,"href":"https:\/\/www.eunews.it\/en\/wp-json\/wp\/v2\/posts\/331663\/revisions"}],"predecessor-version":[{"id":332895,"href":"https:\/\/www.eunews.it\/en\/wp-json\/wp\/v2\/posts\/331663\/revisions\/332895"}],"wp:featuredmedia":[{"embeddable":true,"href":"https:\/\/www.eunews.it\/en\/wp-json\/wp\/v2\/media\/331671"}],"wp:attachment":[{"href":"https:\/\/www.eunews.it\/en\/wp-json\/wp\/v2\/media?parent=331663"}],"wp:term":[{"taxonomy":"category","embeddable":true,"href":"https:\/\/www.eunews.it\/en\/wp-json\/wp\/v2\/categories?post=331663"},{"taxonomy":"post_tag","embeddable":true,"href":"https:\/\/www.eunews.it\/en\/wp-json\/wp\/v2\/tags?post=331663"}],"curies":[{"name":"wp","href":"https:\/\/api.w.org\/{rel}","templated":true}]}}