{"id":332162,"date":"2024-02-02T11:42:28","date_gmt":"2024-02-02T10:42:28","guid":{"rendered":"https:\/\/www.eunews.it\/2024\/02\/02\/ue-uso-esclusivo-euro-kosovo-serbia\/"},"modified":"2024-02-06T15:15:21","modified_gmt":"2024-02-06T14:15:21","slug":"eu-concerned-about-impact-on-serbian-community-of-exclusive-use-of-euro-in-kosovo","status":"publish","type":"post","link":"https:\/\/www.eunews.it\/en\/2024\/02\/02\/eu-concerned-about-impact-on-serbian-community-of-exclusive-use-of-euro-in-kosovo\/","title":{"rendered":"EU concerned about impact on Serbian community of exclusive use of euro in Kosovo"},"content":{"rendered":"<p>Brussels &#8211; After <a href=\"https:\/\/www.eunews.it\/en\/2024\/01\/22\/euro-or-dinar-eu-must-also-manage-tensions-between-pristina-and-belgrade-over-kosovos-currency\/\" target=\"_blank\" rel=\"noopener\">an analysis of the decision<\/a> comes the response from Brussels. &#8220;The European Union takes note of the Regulation of the Central Bank of Kosovo&#8221; on transparency and stability of financial flows and on combating money laundering and counterfeiting, with <strong>&#8220;concerns&#8221; about the consequences of the introduction of the exclusive use of the euro &#8220;on the daily life of Kosovo Serbs<\/strong> and other communities&#8221; in the country, &#8220;due to the absence of prior consultation,&#8221;\u00a0 European External Action Service (EEAS) spokesman <strong>Peter Stano <\/strong><a href=\"https:\/\/www.eeas.europa.eu\/eeas\/kosovo-statement-spokesperson-central-bank-regulation_en\" target=\"_blank\" rel=\"noopener\">said<\/a> as the Regulation came into force from February 1.<\/p>\n<figure id=\"attachment_186401\" class=\"wp-caption alignright\" style=\"width: 450px;\"><a href=\"https:\/\/www.eunews.it\/wp-content\/uploads\/2022\/10\/Schermata-2022-10-31-alle-12.57.04-e1667217521468.png\"><img decoding=\"async\" class=\"wp-image-186401\" src=\"https:\/\/www.eunews.it\/wp-content\/uploads\/2022\/10\/Schermata-2022-10-31-alle-12.57.04-e1667217521468-300x170.png\" alt=\"Albin Kurti Targhe Serbe in Kosovo Serbia\" width=\"450\" height=\"255\" srcset=\"https:\/\/www.eunews.it\/wp-content\/uploads\/2022\/10\/Schermata-2022-10-31-alle-12.57.04-e1667217521468-300x170.png 300w, https:\/\/www.eunews.it\/wp-content\/uploads\/2022\/10\/Schermata-2022-10-31-alle-12.57.04-e1667217521468-768x436.png 768w, https:\/\/www.eunews.it\/wp-content\/uploads\/2022\/10\/Schermata-2022-10-31-alle-12.57.04-e1667217521468.png 774w\" sizes=\"(max-width: 450px) 100vw, 450px\" \/><\/a><figcaption id=\"caption-attachment-186401\" class=\"wp-caption-text\">Kosovo Prime Minister Albin Kurti (credits: Afp)<\/figcaption><\/figure>\n<p style=\"margin-bottom: 0px;\">According to Brussels, the most significant impact of the Regulation on the &#8220;<strong>financial support that Kosovo Serbs receive from Serbia<\/strong>&#8221; will be on &#8220;schools and hospitals, given the apparent absence of alternatives at this time.&#8221; Kosovo&#8217;s Constitution provides for<strong> the exclusive use of the euro as an exchange currency and a deposit in bank accounts. <\/strong>The Regulation sets the modalities for its implementation, prohibiting any lender from operating without a license (as is currently the case with Postanska Stedionica, the Serbian intermediary for funds\u00a0from Belgrade for some 90,000 Serbs in Kosovo). It does not affect voluntary transactions between parties using currencies other than the euro are: in other words,<strong> one can still trade the Serbian dinar, the Albanian lek or the dollar<\/strong>. However, the decision will impact the Serb-majority northern regions of the country, where some banks and public services exclusively use the Serbian dinar as their currency, <strong>never having adjusted to Pristina&#8217;s adoption of the euro in 2002<\/strong> (even before independence).<\/p>\n<p><a href=\"http:\/\/According%20to%20Brussels,%20the%20biggest%20impact%20of%20the%20%22financial%20support%20that%20Kosovo%20Serbs%20receive%20from%20Serbia,%22%20will%20be%20on%20%22schools%20and%20hospitals,%20given%20the%20apparent%20absence%20of%20alternatives%20at%20this%20time.%22%20The%20exclusive%20use%20of%20the%20euro%20as%20an%20exchange%20currency%20and%20as%20a%20deposit%20in%20bank%20accounts%20is%20provided%20for%20in%20Kosovo's%20Constitution%20and%20the%20Regulation%20set%20the%20modalities%20for%20its%20implementation,%20prohibiting%20any%20lender%20from%20operating%20without%20a%20license%20(as%20is%20currently%20the%20case%20with%20Postanska%20Stedionica,%20the%20Serbian%20intermediary%20for%20funds%20coming%20from%20Belgrade%20for%20some%2090,000%20Serbs%20in%20Kosovo).%20In%20any%20case,%20voluntary%20transactions%20between%20parties%20using%20currencies%20other%20than%20the%20euro%20are%20not%20affected:%20in%20other%20words,%20the%20Serbian%20dinar%20can%20still%20be%20traded%20on%20a%20par%20with%20the%20Albanian%20lek%20or%20the%20dollar.%20However,%20the%20decision%20will%20have%20an%20impact%20on%20the%20Serb-majority%20northern%20regions%20of%20the%20country,%20where%20some%20banks%20and%20public%20services%20exclusively%20use%20the%20Serbian%20dinar%20as%20their%20currency,%20never%20having%20adjusted%20to%20Pristina's%20adoption%20of%20the%20euro%20in%202002%20(even%20before%20independence).\" target=\"_blank\" rel=\"noopener\">After the end of the license plate dispute<\/a> that inflamed the last two and a half years of relations between Serbia and Kosovo, Pristina&#8217;s partners &#8212; including the EU with its special representative for the Belgrade-Pristina dialogue, <strong>Miroslav Laj\u010d\u00e1k <\/strong>&#8212; in recent days called for at least a delay of the decision. Instead, Serbia&#8217;s president, <strong>Aleksandar Vu\u010di\u0107<\/strong>, warned that he will use &#8220;all available means against banning the dinar in Kosovo&#8221; (although this is a non-factual interpretation of reality), <a href=\"https:\/\/lajme.rtsh.al\/artikull\/vuciq-takon-von-der-leyen-ndiko-sa-me-shume-qe-prishtina-te-mos-anuloje-dinarin\" target=\"_blank\" rel=\"noopener\">involving<\/a> directly the European Commission President <strong>Ursula von der Leyen<\/strong>: &#8220;I asked that she use all her strength and energy to make sure that such a thing does not happen.&#8221; But Kosovo&#8217;s premier, <strong>Albin Kurti<\/strong>, reiterated that the new rules &#8220;are non-negotiable&#8221; and that &#8220;we don&#8217;t want to punish anyone. We just want to bring back legality, constitutionality, and regularity&#8221; even in the north of the country. Kosovo&#8217;s president, <strong>Vjosa Osmani<\/strong>, clarified that the Rules will give\u00a0 &#8220;some time&#8221; to transfer funds in Serbian dinars to other euro accounts, with &#8220;several options&#8221; to implement of the new financial regime.<\/p>\n<p><a href=\"https:\/\/www.eunews.it\/wp-content\/uploads\/2022\/06\/Kosovo.jpg\"><img decoding=\"async\" class=\" wp-image-176877 alignright\" src=\"https:\/\/www.eunews.it\/wp-content\/uploads\/2022\/06\/Kosovo-300x300.jpg\" alt=\"Kosovo\" width=\"501\" height=\"501\" srcset=\"https:\/\/www.eunews.it\/wp-content\/uploads\/2022\/06\/Kosovo-300x300.jpg 300w, https:\/\/www.eunews.it\/wp-content\/uploads\/2022\/06\/Kosovo-150x150.jpg 150w, https:\/\/www.eunews.it\/wp-content\/uploads\/2022\/06\/Kosovo-768x768.jpg 768w, https:\/\/www.eunews.it\/wp-content\/uploads\/2022\/06\/Kosovo.jpg 1000w\" sizes=\"(max-width: 501px) 100vw, 501px\" \/><\/a>SEE spokesman Stano stressed, however, that &#8220;<strong>the short transition period<\/strong>&#8221; for the implementation of the Regulation and the &#8220;<strong>lack of information and practical solutions for all affected communities<\/strong>&#8221; risks &#8220;seriously complicating&#8221; the lives of citizens. The Union urges\u00a0Kosovo\u00a0to &#8220;ensure a sufficiently long transition period,&#8221; and to &#8220;<strong>find a negotiated solution to this problem within the EU-facilitated dialogue<\/strong>&#8221; between Pristina and Belgrade. Brussels is struggling to manage tensions between the two countries after the high hopes at the beginning of 2023\u00a0&#8211; the February 27 Brussels Agreement\u00a0defined the specific commitments, and the understanding on implementation annex was reached in Ohrid on March 18 &#8211; and continued with increased diplomatic and field conflict.<\/p>\n<h3 id='all-the-reasons-for-tension-between-serbia-and-kosovo'  id=\"boomdevs_1\">All the reasons for tension between Serbia and Kosovo<\/h3>\n<p style=\"margin-bottom: 0px;\">After the two meetings in the summer of 2021\u00a0between PM Kurti and President Vu\u010di\u0107 in Brussels, the so-called license plate dispute\u00a0broke out in mid-September for the first time in northern Kosovo. Initially, it was a diplomatic dispute between Pristina and Belgrade related to the Kurti government&#8217;s decision to impose the <strong>change of license plates on Serbian vehicles entering Kosovo<\/strong> territory, used in large part by the Serbian minority in the country. EU mediation temporarily resolved the\u00a0issue, but the lack of a final solution inflamed the second half of 2022: in late July, there were the first <strong>roadblocks and barricades by the most extremist parts of the Serb-Kosovar minority<\/strong> and two failed meetings between Vu\u010di\u0107 and Kurti in Brussels led to no break of the stalemate.<\/p>\n<figure id=\"attachment_186678\" class=\"wp-caption alignright\" style=\"width: 450px;\"><a href=\"https:\/\/www.eunews.it\/wp-content\/uploads\/2022\/11\/Schermata-2022-11-07-alle-17.28.11.png\"><img decoding=\"async\" class=\"wp-image-186678\" src=\"https:\/\/www.eunews.it\/wp-content\/uploads\/2022\/11\/Schermata-2022-11-07-alle-17.28.11-300x196.png\" alt=\"Serbia Kosovo\" width=\"450\" height=\"294\" srcset=\"https:\/\/www.eunews.it\/wp-content\/uploads\/2022\/11\/Schermata-2022-11-07-alle-17.28.11-300x196.png 300w, https:\/\/www.eunews.it\/wp-content\/uploads\/2022\/11\/Schermata-2022-11-07-alle-17.28.11-768x501.png 768w, https:\/\/www.eunews.it\/wp-content\/uploads\/2022\/11\/Schermata-2022-11-07-alle-17.28.11.png 776w\" sizes=\"(max-width: 450px) 100vw, 450px\" \/><\/a><figcaption id=\"caption-attachment-186678\" class=\"wp-caption-text\">Demonstrations by Serb Kosovars in northern Kosovo Kosovo, Nov. 5, 2022 (credits: Armend Nimani \/ Afp)<\/figcaption><\/figure>\n<p>The situation worsened when Lista Sprska took over the reins of the popular protest in northern Kosovo. On November 5, there was a <strong>mass resignation<\/strong> <strong>of mayors, councilors, parliamentarians, judges, prosecutors, judicial personnel, and police officers from their respective national institutions <\/strong>in protest against the phased implementation of Serbian license plate replacement rules. Among those resigning were the mayors of Kosovska Mitrovica, Zubin Potok, Zvecan, and Leposavi\u0107,\u00a0leading to the need <strong>to return to the polls in the four cities<\/strong>. On the night of November 23-24, a compromise solution was reached in Brussels, even though the Serbian president threatened to boycott the EU-Western Balkans summit in Tirana because of the appointment of <strong>Nenad Ra\u0161i\u0107<\/strong> in the Kosovo government (instead of the Lista Srpska leader <strong>Goran Raki\u0107<\/strong>) as minister for Communities and Refugee Return. Ra\u0161i\u0107 is the leader of the Democratic Progressive Party, a Serbian formation hostile to Belgrade.<\/p>\n<figure id=\"attachment_201629\" class=\"wp-caption alignright\" style=\"width: 451px;\"><a href=\"https:\/\/www.eunews.it\/wp-content\/uploads\/2023\/05\/Kosovo-Scontri-Kfor.jpeg\"><img decoding=\"async\" class=\"wp-image-201629\" src=\"https:\/\/www.eunews.it\/wp-content\/uploads\/2023\/05\/Kosovo-Scontri-Kfor-300x225.jpeg\" alt=\"Kosovo Clashes Kfor\" width=\"451\" height=\"338\" srcset=\"https:\/\/www.eunews.it\/wp-content\/uploads\/2023\/05\/Kosovo-Scontri-Kfor-300x225.jpeg 300w, https:\/\/www.eunews.it\/wp-content\/uploads\/2023\/05\/Kosovo-Scontri-Kfor-768x576.jpeg 768w, https:\/\/www.eunews.it\/wp-content\/uploads\/2023\/05\/Kosovo-Scontri-Kfor.jpeg 900w\" sizes=\"(max-width: 451px) 100vw, 451px\" \/><\/a><\/figure>\n<p>Clashes between Kosovo Serb protesters and NATO Kfor mission soldiers in Zve\u010dan, May 29, 2023 (credits: Stringer \/ Afp)<\/p>\n<p>2022 ended with a new escalation of tension at border crossings in northern Kosovo after Pristina&#8217;s<strong> sent several hundred police<\/strong> to make up for the lack of officers after their resignation also in November. They dismantled the barricades of the most extremist\u00a0Serb-Kosovar flanks were\u00a0only after a few weeks, thanks to the diplomatic effort of European and U.S. partners. A new crisis was only five months away, on\u00a0May 26, 2023. As<strong> newly elected mayors of Zubin Potok, Zve\u010dan, Leposavi\u0107, and Kosovska Mitrovica <\/strong>took office, violent clashes sparked by Lista Srpska exponents erupted, and, on May 29, they turned into a guerrilla warfare that also involved soldiers from the international NATO-led KFOR. Tensions erupted over the Kurti government&#8217;s decision to bring <strong>special police forces to allow mayors elected on April 23<\/strong> to enter town halls in a controversial election round due to low voter turnout. On June 14, <strong>three Kosovar policemen were<\/strong> <strong>arrested\/kidnapped\u00a0by Serbian security services<\/strong>, with\u00a0the governments of Pristina and Belgrade accusing each other&#8217;s law enforcement agencies of trespassing in a poorly controlled border area used by smugglers trying to avoid\u00a0controls. After weeks of unheeded, continued calls for calm and de-escalation, Brussels convened an emergency meeting with PM Kurti and President Vu\u010di\u0107 to exit the\u00a0&#8220;crisis management mode.&#8221; On June 22, Serbia <strong>released the three Kosovar policemen,<\/strong> but\u00a0 tensions between Pristina and Belgrade also ended up in the <a href=\"https:\/\/www.consilium.europa.eu\/media\/65398\/2930-06-23-euco-conclusions-en.pdf\" target=\"_blank\" rel=\"noopener\">conclusions<\/a> of the June 29-30 European Council.<\/p>\n<figure id=\"attachment_209589\" class=\"wp-caption alignright\" style=\"width: 449px;\"><a href=\"https:\/\/www.eunews.it\/wp-content\/uploads\/2023\/10\/000_33WU2AZ-scaled.jpg\"><img decoding=\"async\" class=\" wp-image-209589\" src=\"https:\/\/www.eunews.it\/wp-content\/uploads\/2023\/10\/000_33WU2AZ-300x200.jpg\" alt=\"Kosovo Serbia\" width=\"449\" height=\"299\" srcset=\"https:\/\/www.eunews.it\/wp-content\/uploads\/2023\/10\/000_33WU2AZ-300x200.jpg 300w, https:\/\/www.eunews.it\/wp-content\/uploads\/2023\/10\/000_33WU2AZ-1024x682.jpg 1024w, https:\/\/www.eunews.it\/wp-content\/uploads\/2023\/10\/000_33WU2AZ-768x511.jpg 768w, https:\/\/www.eunews.it\/wp-content\/uploads\/2023\/10\/000_33WU2AZ-1536x1022.jpg 1536w, https:\/\/www.eunews.it\/wp-content\/uploads\/2023\/10\/000_33WU2AZ-2048x1363.jpg 2048w\" sizes=\"(max-width: 449px) 100vw, 449px\" \/><\/a><\/figure>\n<p>(credits: Armen Nimani \/ Afp)<\/p>\n<p>Due to Pristina&#8217;s <strong>failure<\/strong> to take a &#8220;constructive attitude&#8221; toward de-escalating tension, Brussels imposed &#8220;temporary and reversible&#8221; measures against Kosovo in late June, which also included suspending the work of the bodies of the Stabilization and Association Agreement. A four-stage roadmap was agreed on July 12 to remove these measures, but they are still in effect. Within days of an unsuccessful high-level meeting in Brussels, however, the situation between Serbia and Kosovo escalated with the terrorist attack that began in the early hours of September 24 <strong>near the Serbian Orthodox monastery in Banjska<\/strong>, when Kosovo police arrived after a report of an illegal checkpoint on the border with Serbia. After killing one policeman and wounding two others, <strong>a group of about 30 armed men<\/strong> entered the monastic complex, and clashes continued throughout the day. During the &#8220;clearing operation,&#8221; three of the terrorists died.<\/p>\n<p>Post-September 24 developments showed obvious ramifications in neighboring Serbia. As\u00a0video filmed by a drone that day\u00a0showed, <strong>among the attackers outside the monastery was Milan Radoi\u010di\u0107, deputy head of Lista Srpska<\/strong>. On September 29, Radoi\u010di\u0107 himself confirmed that he led the armed attack in a confession that cast a long shadow not only over the participation of the Serb-Kosovar leadership in a strategy to destabilize the country but, more importantly, over <strong>Belgrade&#8217;s ability to interfere in Pristina&#8217;s internal affairs<\/strong>. In addition, there were\u00a0revelations about the presence of <strong>Milorad Jevti\u0107, a close associate of the Serbian president&#8217;s son, Danilo Vu\u010di\u0107<\/strong>. According to the findings of an <a href=\"https:\/\/balkaninsight.com\/2023\/10\/09\/in-kosovo-clash-new-bullets-and-freshly-repaired-mortars-from-serbia\/\" target=\"_blank\" rel=\"noopener\">investigation<\/a> by <em>Balkan Insight<\/em>, the weapons used in the attack were manufactured in Serbia in 2022, and some mortar shells and grenades were repaired in Serbian state maintenance centers in 2018 and 2021.<\/p>\n<figure id=\"attachment_154451\" class=\"wp-caption alignright\" style=\"width: 452px;\"><a href=\"https:\/\/www.eunews.it\/wp-content\/uploads\/2021\/07\/Orban-Vucic-e1625751469190.jpg\"><img decoding=\"async\" class=\"wp-image-154451\" src=\"https:\/\/www.eunews.it\/wp-content\/uploads\/2021\/07\/Orban-Vucic-e1625751469190-300x180.jpg\" alt=\"Orban Vucic\" width=\"452\" height=\"271\" srcset=\"https:\/\/www.eunews.it\/wp-content\/uploads\/2021\/07\/Orban-Vucic-e1625751469190-300x180.jpg 300w, https:\/\/www.eunews.it\/wp-content\/uploads\/2021\/07\/Orban-Vucic-e1625751469190-1024x614.jpg 1024w, https:\/\/www.eunews.it\/wp-content\/uploads\/2021\/07\/Orban-Vucic-e1625751469190-768x461.jpg 768w, https:\/\/www.eunews.it\/wp-content\/uploads\/2021\/07\/Orban-Vucic-e1625751469190-1536x921.jpg 1536w, https:\/\/www.eunews.it\/wp-content\/uploads\/2021\/07\/Orban-Vucic-e1625751469190.jpg 2048w\" sizes=\"(max-width: 452px) 100vw, 452px\" \/><\/a><\/figure>\n<p>From left: the prime minister of Hungary, Viktor Orb\u00e1n, and the president of Serbia, Aleksandar Vu\u010di\u0107, in Belgrade (July 8, 2021)<\/p>\n<p>Also worsening relations between Kosovo and Serbia was the U.S. warning of a Serbian &#8220;major military deployment&#8221; along the administrative border. The threat did not materialize\u00a0 &#8211;according to Prime Minister Kurti, an annexation of northern Kosovo was planned with &#8220;a coordinated attack on 37 separate positions&#8221; &#8212; but the European Union\u00a0began to reflect on the possibility of imposing the same measures in force against Pristina against Belgrade. &#8220;<strong>We need to make sure that we make the best use of the tools the EU has<\/strong> to encourage both sides to contribute to a solution of the crisis,&#8221; EEAS spokesman <strong>Peter Stano<\/strong> explained to <em>Eunews<\/em>. But the green light for the measures against Serbia requires unanimity in the Council, and\u00a0Vu\u010di\u0107&#8217;s closest ally inside the Union &#8211; the Hungarian premier, <strong>Viktor Orb\u00e1n<\/strong> &#8211; vetoed it. The only positive news for now is the <a href=\"https:\/\/www.eunews.it\/en\/2024\/01\/08\/end-of-the-license-plate-row-between-serbia-and-kosovo-after-two-and-a-half-years-thanks-to-eu-mediation\/\" target=\"_blank\" rel=\"noopener\">resolution of the &#8216;battle of the license plates&#8217; <\/a>between Serbia and Kosovo, thanks to the decision between late 2023 and early 2024 on mutual recognition for vehicles entering the border.<\/p>\n<hr \/>\n<p><em>Find more insights on the Balkan region in the <a href=\"https:\/\/barbalcani.substack.com\/\" target=\"_blank\" rel=\"noopener\"><b>newsletter BarBalcani<\/b><\/a> hosted by Eunews<\/em><\/p>\n","protected":false},"excerpt":{"rendered":"<p>The Regulation of Pristina&#8217;s Central Bank on Transparency of Financial Flows, which brings the use of the currency in line with the Constitution, is in effect from Feb. 1. Brussels warns that the decision could affect schools and hospitals, &#8220;given the apparent absence of alternatives at this time&#8221;<\/p>\n","protected":false},"author":5647,"featured_media":332122,"comment_status":"closed","ping_status":"closed","sticky":false,"template":"","format":"standard","meta":{"_acf_changed":false,"episode_type":"","audio_file":"","podmotor_file_id":"","podmotor_episode_id":"","cover_image":"","cover_image_id":"","duration":"","filesize":"","filesize_raw":"","date_recorded":"","explicit":"","block":"","jnews-multi-image_gallery":[],"jnews_single_post":{"source_name":"","source_url":"","via_name":"","via_url":"","override_template":"0","override":[{"template":"1","single_blog_custom":"","parallax":"1","fullscreen":"1","layout":"right-sidebar","sidebar":"default-sidebar","second_sidebar":"default-sidebar","sticky_sidebar":"1","share_position":"top","share_float_style":"share-monocrhome","show_share_counter":"0","show_view_counter":"0","show_featured":"1","show_post_meta":"1","show_post_author":"1","show_post_author_image":"1","show_post_date":"1","post_date_format":"default","post_date_format_custom":"Y\/m\/d","show_post_category":"1","show_post_reading_time":"0","post_reading_time_wpm":"300","show_zoom_button":"0","zoom_button_out_step":"2","zoom_button_in_step":"3","show_post_tag":"1","show_prev_next_post":"1","show_popup_post":"1","number_popup_post":"1","show_author_box":"0","show_post_related":"1","show_inline_post_related":"0"}],"override_image_size":"0","image_override":[{"single_post_thumbnail_size":"crop-500","single_post_gallery_size":"crop-500"}],"trending_post":"0","trending_post_position":"meta","trending_post_label":"Trending","sponsored_post":"0","sponsored_post_label":"Sponsored by","sponsored_post_name":"","sponsored_post_url":"","sponsored_post_logo_enable":"0","sponsored_post_logo":"","sponsored_post_desc":"","disable_ad":"0"},"jnews_primary_category":{"id":"","hide":""},"jnews_override_counter":{"override_view_counter":"0","view_counter_number":"0","override_share_counter":"0","share_counter_number":"0","override_like_counter":"0","like_counter_number":"0","override_dislike_counter":"0","dislike_counter_number":"0"},"footnotes":""},"categories":[25707],"tags":[26009,26467,26157,26067,26159,26154,26663,26664,25792,26665],"class_list":["post-332162","post","type-post","status-publish","format-standard","has-post-thumbnail","hentry","category-world-politics","tag-albin-kurti-en","tag-association-of-municipalities-serbs-in-kosovo-en","tag-independence-kosovo-en","tag-josep-borrell-en","tag-vjosa-osmani-en"],"acf":[],"_links":{"self":[{"href":"https:\/\/www.eunews.it\/en\/wp-json\/wp\/v2\/posts\/332162","targetHints":{"allow":["GET"]}}],"collection":[{"href":"https:\/\/www.eunews.it\/en\/wp-json\/wp\/v2\/posts"}],"about":[{"href":"https:\/\/www.eunews.it\/en\/wp-json\/wp\/v2\/types\/post"}],"author":[{"embeddable":true,"href":"https:\/\/www.eunews.it\/en\/wp-json\/wp\/v2\/users\/5647"}],"replies":[{"embeddable":true,"href":"https:\/\/www.eunews.it\/en\/wp-json\/wp\/v2\/comments?post=332162"}],"version-history":[{"count":9,"href":"https:\/\/www.eunews.it\/en\/wp-json\/wp\/v2\/posts\/332162\/revisions"}],"predecessor-version":[{"id":333504,"href":"https:\/\/www.eunews.it\/en\/wp-json\/wp\/v2\/posts\/332162\/revisions\/333504"}],"wp:featuredmedia":[{"embeddable":true,"href":"https:\/\/www.eunews.it\/en\/wp-json\/wp\/v2\/media\/332122"}],"wp:attachment":[{"href":"https:\/\/www.eunews.it\/en\/wp-json\/wp\/v2\/media?parent=332162"}],"wp:term":[{"taxonomy":"category","embeddable":true,"href":"https:\/\/www.eunews.it\/en\/wp-json\/wp\/v2\/categories?post=332162"},{"taxonomy":"post_tag","embeddable":true,"href":"https:\/\/www.eunews.it\/en\/wp-json\/wp\/v2\/tags?post=332162"}],"curies":[{"name":"wp","href":"https:\/\/api.w.org\/{rel}","templated":true}]}}