{"id":334419,"date":"2024-02-08T14:47:58","date_gmt":"2024-02-08T13:47:58","guid":{"rendered":"https:\/\/www.eunews.it\/2024\/02\/08\/parlamento-europeo-serbia-vucic-brogli\/"},"modified":"2024-02-13T14:30:53","modified_gmt":"2024-02-13T13:30:53","slug":"european-parliament-against-vucics-serbia-stop-eu-funding-if-authorities-involved-in-fraud","status":"publish","type":"post","link":"https:\/\/www.eunews.it\/en\/2024\/02\/08\/european-parliament-against-vucics-serbia-stop-eu-funding-if-authorities-involved-in-fraud\/","title":{"rendered":"European Parliament against Vu\u010di\u0107&#8217;s Serbia. Stop EU funding if authorities involved in fraud"},"content":{"rendered":"<p>Brussels &#8211; The European Parliament&#8217;s denunciation of what took place in Serbia on Dec. 17 could not have been harsher considering\u00a0the\u00a0support in the Strasbourg Chamber. With <strong>461 in favor, 53 against<\/strong> (all of the ID group apart from the Italians of the Lega, who abstained),\u00a0<strong>and 43 abstentions<\/strong> (including all MEPs from Fratelli d&#8217;Italia, unlike the majority of the ECR group in favor), the plenary session of the European Parliament gave the green light today (Feb. 8) to the <a href=\"https:\/\/www.europarl.europa.eu\/doceo\/document\/RC-9-2024-0106_EN.html\" target=\"_blank\" rel=\"noopener\">joint resolution<\/a> on the situation in Serbia after the December elections, raising\u00a0not only <strong>concerns about the rule of law in the EU candidate country<\/strong> but also calling for heavy-handed action by the Commission should the involvement of the authorities and the outgoing government in electoral fraud be established.<\/p>\n<figure id=\"attachment_287002\" class=\"wp-caption alignright\" style=\"width: 450px;\"><a href=\"https:\/\/www.eunews.it\/wp-content\/uploads\/2023\/12\/000_34839Z9-scaled.jpg\"><img decoding=\"async\" class=\"wp-image-287002\" src=\"https:\/\/www.eunews.it\/wp-content\/uploads\/2023\/12\/000_34839Z9-300x202.jpg\" alt=\"Serbia Aleksandar Vucic\" width=\"450\" height=\"303\" srcset=\"https:\/\/www.eunews.it\/wp-content\/uploads\/2023\/12\/000_34839Z9-300x202.jpg 300w, https:\/\/www.eunews.it\/wp-content\/uploads\/2023\/12\/000_34839Z9-1024x690.jpg 1024w, https:\/\/www.eunews.it\/wp-content\/uploads\/2023\/12\/000_34839Z9-768x517.jpg 768w, https:\/\/www.eunews.it\/wp-content\/uploads\/2023\/12\/000_34839Z9-1536x1034.jpg 1536w, https:\/\/www.eunews.it\/wp-content\/uploads\/2023\/12\/000_34839Z9-2048x1379.jpg 2048w, https:\/\/www.eunews.it\/wp-content\/uploads\/2023\/12\/000_34839Z9-750x505.jpg 750w, https:\/\/www.eunews.it\/wp-content\/uploads\/2023\/12\/000_34839Z9-1140x768.jpg 1140w\" sizes=\"(max-width: 450px) 100vw, 450px\" \/><\/a><figcaption id=\"caption-attachment-287002\" class=\"wp-caption-text\">Serbian President, Aleksandar Vu\u010di\u0107, at the polls on December 17, 2023 (credits: Elvis Barukcic \/ Afp)<\/figcaption><\/figure>\n<p>A resolution that all political groups in the European Parliament\u00a0(the six motions of resolutions signed by the EPP, S&amp;D, Renew Europe, Greens\/Ale, ECR, and the Left merged into a single text) fully shared,\u00a0<strong>except for the far-right Identity and Democracy<\/strong>, which as in the <a href=\"https:\/\/www.eunews.it\/en\/2024\/01\/19\/the-european-far-right-has-a-distorted-view-of-relations-between-the-european-union-and-serbia-and-russia\/\" target=\"_blank\" rel=\"noopener\">January plenary debate, <\/a>was\u00a0against denouncing voting irregularities and\u00a0continued with distorted rhetoric of EU-Serbian (and Russian) relations. It is\u00a0the numbers in the European Parliament\u00a0that make it clear that it is time for\u00a0EU institutions to get serious about Belgrade urging &#8220;the Commission to launch an initiative to send an expert mission to Serbia to assess the situation as regards the recent elections and post-election developments,&#8221; to\u00a0facilitate social dialogue and to &#8221; assess and address the systemic rule of law issues in Serbia, looking at the example of the \u2018Priebe Reports\u2019[<em>recommendations of an expert group commissioned by the Commission in 2015 on North Macedonia, ed.].&#8221;\u00a0<\/em>In particular, the MEPs recall the fact that the <a href=\"https:\/\/www.eunews.it\/en\/2023\/12\/19\/under-scrutiny-by-eu-for-fraud-pressure-and-systematic-advantages-of-vucics-party-in-serbia-elections\/\" target=\"_blank\" rel=\"noopener\"> December snap Parliamentary elections<\/a>\u00a0&#8220;deviated from international standards,&#8221; both due to the interference of the President of the Republic, <strong>Aleksandar Vu\u010di\u0107<\/strong>, in support of his Serbian Progressive Party (SNS), and the &#8220;systematic fraud that compromised the integrity&#8221; of the election round. For this reason,\u00a0<strong>the EU mission should be accompanied by an &#8220;independent international investigation&#8221;<\/strong> into the &#8220;irregularities in the parliamentary, provincial, and municipal elections,&#8221; focusing on those for the Belgrade Assembly.<\/p>\n<p>Despite repeated appeals from the international community, <strong>no &#8220;institutional response to the serious allegations of the incumbents\u2019 involvement in electoral manipulation and abuse, <\/strong>which contributes to an atmosphere of impunity and ensures the continuation of these practices,&#8221; and &#8211; MEPs warn &#8211; &#8220;if allowed to persist without any repercussions, <strong>this practice will continue to undermine trust in Serbia\u2019s electoral process and institutions<\/strong>, irrevocably hindering democratic rule and further European integration.&#8221; In the face of an alarming picture in terms of deteriorating standards of respect for the rule of law for a country that has been a candidate for EU membership for 12 years, the EU Parliament also accuses the\u00a0EU executive of\u00a0the &#8220;lack of explicit criticism&#8221;, particularly from the most controversial member of the Board of Commissioners, Hungary&#8217;s <strong>Oliv\u00e9r V\u00e1rhelyi<\/strong> responsible\u00a0for Enlargemen<em>t.<\/em><\/p>\n<figure id=\"attachment_334331\" class=\"wp-caption alignright\" style=\"width: 450px;\"><a href=\"https:\/\/www.eunews.it\/wp-content\/uploads\/2024\/02\/000_34HL3BQ-scaled.jpg\"><img decoding=\"async\" class=\"wp-image-334331\" src=\"https:\/\/www.eunews.it\/wp-content\/uploads\/2024\/02\/000_34HL3BQ-300x200.jpg\" alt=\"Aleksandar Vucic Serbia\" width=\"450\" height=\"300\" srcset=\"https:\/\/www.eunews.it\/wp-content\/uploads\/2024\/02\/000_34HL3BQ-300x200.jpg 300w, https:\/\/www.eunews.it\/wp-content\/uploads\/2024\/02\/000_34HL3BQ-1024x683.jpg 1024w, https:\/\/www.eunews.it\/wp-content\/uploads\/2024\/02\/000_34HL3BQ-768x512.jpg 768w, https:\/\/www.eunews.it\/wp-content\/uploads\/2024\/02\/000_34HL3BQ-1536x1024.jpg 1536w, https:\/\/www.eunews.it\/wp-content\/uploads\/2024\/02\/000_34HL3BQ-2048x1365.jpg 2048w, https:\/\/www.eunews.it\/wp-content\/uploads\/2024\/02\/000_34HL3BQ-750x500.jpg 750w, https:\/\/www.eunews.it\/wp-content\/uploads\/2024\/02\/000_34HL3BQ-1140x760.jpg 1140w\" sizes=\"(max-width: 450px) 100vw, 450px\" \/><\/a><\/figure>\n<p>Opposition posters\u00a0at the first session of the National Assembly of Serbia on February 6, 2024 against the president of the republic, Aleksandar Vu\u010di\u0107, who was called the &#8216;head mafia&#8217; (credits: Andrej Isakovic \/ Afp)<\/p>\n<p>The Commission\u00a0is called upon to take the harshest action if Belgrade fails to implement the election recommendations &#8220;or if the findings of this investigation indicate that the Serbian authorities were directly involved in the voter fraud.&#8221; This means\u00a0<strong>a &#8220;suspension of EU funding on the basis of serious breaches\u00a0of the rule of law&#8221; and, as a result, a possible halt to accession negotiations, which<\/strong>\u00a0&#8220;should advance only if the country makes significant progress on its EU-related reforms,&#8221; the resolution reads. Not to mention the Serbian president&#8217;s accusations against EU member states and European media that &#8220;they were involved in organizing the post-election protests.&#8221; In this regard,\u00a0<strong>all EU institutions agree\u00a0in their denunciation of Vu\u010di\u0107&#8217;s allusions to\u00a0&#8220;a special war&#8221; being waged by the Western press<\/strong>: &#8220;If he looks at what is being done with the support of his administration about the quality of journalism,&#8221; in Belgrade he allows &#8220;the instrument of Russian propaganda and lies to set foot on Serbian soil,&#8221; European External Action Service (EEAS) spokesman <strong>Peter Stano<\/strong>\u00a0said in a press\u00a0point. The reference is to Russia Today Balkan (from July 2022 operational in Serbia), &#8220;a broadcaster banned by the European Union for its subversive activities in connection with the illegal war against Ukraine.&#8221;<\/p>\n<h3 id='tensions-in-serbia-after-early-elections'  id=\"boomdevs_1\"><span style=\"font-style: normal;\">Tensions in Serbia after early elections<\/span><\/h3>\n<p>Despite high expectations on the eve of the elections from the &#8216;Serbia Against Violence&#8217; coalition,\u00a0<strong>the Serbian Progressive Party won again in snap\u00a0elections with 46.67 percent of the vote<\/strong>, trailing by 23 percentage points the very united opposition that came in second place. In the face of fraud and numerous illegal actions at the ballot box, thousands of people took to the streets responding to the call of the parties and movements that translated into political (pro-European) demands the street protests against the climate that led to the May Shootout. The Organization for Security and Cooperation in Europe (OSCE)-led election observation mission &#8211; in which members of the European Parliament also participated &#8211; also noted &#8220;<strong>the misuse of public resources, the lack of separation between official functions and campaign activities<\/strong>, and\u00a0intimidation and pressure on voters, including cases of vote-buying.&#8221; Nearly a month after the early elections, protests against fraud by the ruling party continue, particularly in Belgrade.<\/p>\n<figure id=\"attachment_290572\" class=\"wp-caption alignright\" style=\"width: 452px;\"><a href=\"https:\/\/www.eunews.it\/wp-content\/uploads\/2024\/01\/000_34977RM-scaled.jpg\"><img decoding=\"async\" class=\"wp-image-290572\" src=\"https:\/\/www.eunews.it\/wp-content\/uploads\/2024\/01\/000_34977RM-300x200.jpg\" alt=\"Poteste Belgrade Serbia\" width=\"452\" height=\"301\" srcset=\"https:\/\/www.eunews.it\/wp-content\/uploads\/2024\/01\/000_34977RM-300x200.jpg 300w, https:\/\/www.eunews.it\/wp-content\/uploads\/2024\/01\/000_34977RM-1024x682.jpg 1024w, https:\/\/www.eunews.it\/wp-content\/uploads\/2024\/01\/000_34977RM-768x512.jpg 768w, https:\/\/www.eunews.it\/wp-content\/uploads\/2024\/01\/000_34977RM-1536x1024.jpg 1536w, https:\/\/www.eunews.it\/wp-content\/uploads\/2024\/01\/000_34977RM-2048x1365.jpg 2048w, https:\/\/www.eunews.it\/wp-content\/uploads\/2024\/01\/000_34977RM-750x500.jpg 750w, https:\/\/www.eunews.it\/wp-content\/uploads\/2024\/01\/000_34977RM-1140x760.jpg 1140w\" sizes=\"(max-width: 452px) 100vw, 452px\" \/><\/a><figcaption id=\"caption-attachment-290572\" class=\"wp-caption-text\">Serbian opposition street protests in Belgrade (credits: Miodrag Sovilj \/ Afp)<\/figcaption><\/figure>\n<p>In the capital, the situation remains tense. T<strong>he possibility of a repeat of local elections,<\/strong>\u00a0in which the Serbian Progressive Party claimed victory, cannot be ruled out: the party led in Belgrade by the pro-Russian <strong>Aleksandar \u0160api\u0107<\/strong> won 49 seats (out of 110), which, however, would not be enough to control the City Assembly with the support of the far-right Russophile nationalist party &#8216;We, the Voice of the People&#8217; of <strong>Branimir Nestorovi\u0107<\/strong> alone. The coalition &#8216;Serbia Against Violence&#8217; denounced that <strong>over 40 thousand people who arrived from Republika Srpska<\/strong> (the Serb-majority entity of Bosnia and Herzegovina) <strong>voted in Belgrade without being formally registered as residents<\/strong> and demanded the annulment of the ballot result, explicitly speaking of &#8220;electoral theft.&#8221; The same complaint came from MEP and member of the parliamentary delegation <strong>Viola von Cramon-Taubadel <\/strong>(Greens\/Ale): &#8220;We have seen cases of organized transportation of voters from Republika Srpska and voter intimidation.&#8221;<\/p>\n<p>Added to this is the case that Brussels &#8220;is following closely&#8221; (words of the EU Commission&#8217;s spokeswoman for Neighborhood Policy and Enlargement, <strong>Ana Pisonero<\/strong>) the violence suffered by the leader of the opposition Republican Party, <strong>Nikola Sandulovi\u0107<\/strong>, who was picked up by Serbian intelligence services on Jan. 3 and severely beaten in detention for\u00a0<strong>paying homage at the grave of Adem Jashari, one of the founders of the Kosovo Liberation Army (UCK)<\/strong>. Members of the Serbian Security Information Agency (BIA) allegedly abducted and tortured Sandulovi\u0107,\u00a0then detained him in Belgrade&#8217;s central prison without access to independent medical care. Among those responsible for the violence are allegedly <strong>Milan Radoi\u010di\u0107<\/strong>, deputy head of Lista Srpska (the main party representing the Serb minority in Kosovo and closely controlled by President Vu\u010di\u0107), who, among other things, already admitted to organizing the armed attack in northern Kosovo in late September last year. The former head of Serbian intelligence (who resigned two months ago), <strong>Aleksandar Vulin<\/strong>, reportedly personally ordered Sandulovi\u0107&#8217;s arrest, but the defense lawyer pointed the finger at President Vu\u010di\u0107.<\/p>\n<hr \/>\n<p><em>Find more insights on the Balkan region in the <a href=\"https:\/\/barbalcani.substack.com\/\" target=\"_blank\" rel=\"noopener\"><b>newsletter BarBalcani<\/b><\/a> hosted by Eunews<\/em><\/p>\n","protected":false},"excerpt":{"rendered":"<p>Resolution overwhelmingly approved calling on the Commission to send an expert mission to Belgrade to assess possible &#8220;serious violations of the rule of law&#8221; in the December elections. Accession negotiations &#8220;should advance only if the country makes significant progress on reforms&#8221;<\/p>\n","protected":false},"author":5647,"featured_media":334332,"comment_status":"closed","ping_status":"closed","sticky":false,"template":"","format":"standard","meta":{"_acf_changed":false,"episode_type":"","audio_file":"","podmotor_file_id":"","podmotor_episode_id":"","cover_image":"","cover_image_id":"","duration":"","filesize":"","filesize_raw":"","date_recorded":"","explicit":"","block":"","jnews-multi-image_gallery":[],"jnews_single_post":{"source_name":"","source_url":"","via_name":"","via_url":"","override_template":"0","override":[{"template":"1","single_blog_custom":"","parallax":"1","fullscreen":"1","layout":"right-sidebar","sidebar":"default-sidebar","second_sidebar":"default-sidebar","sticky_sidebar":"1","share_position":"top","share_float_style":"share-monocrhome","show_share_counter":"0","show_view_counter":"0","show_featured":"1","show_post_meta":"1","show_post_author":"1","show_post_author_image":"1","show_post_date":"1","post_date_format":"default","post_date_format_custom":"Y\/m\/d","show_post_category":"1","show_post_reading_time":"0","post_reading_time_wpm":"300","show_zoom_button":"0","zoom_button_out_step":"2","zoom_button_in_step":"3","show_post_tag":"1","show_prev_next_post":"1","show_popup_post":"1","number_popup_post":"1","show_author_box":"0","show_post_related":"1","show_inline_post_related":"0"}],"override_image_size":"0","image_override":[{"single_post_thumbnail_size":"crop-500","single_post_gallery_size":"crop-500"}],"trending_post":"0","trending_post_position":"meta","trending_post_label":"Trending","sponsored_post":"0","sponsored_post_label":"Sponsored by","sponsored_post_name":"","sponsored_post_url":"","sponsored_post_logo_enable":"0","sponsored_post_logo":"","sponsored_post_desc":"","disable_ad":"0"},"jnews_primary_category":{"id":"","hide":""},"jnews_override_counter":{"override_view_counter":"0","view_counter_number":"0","override_share_counter":"0","share_counter_number":"0","override_like_counter":"0","like_counter_number":"0","override_dislike_counter":"0","dislike_counter_number":"0"},"footnotes":""},"categories":[25707],"tags":[25871,26072,26013,26065,26108,25755,26301,26302,26070,26071,26772],"class_list":["post-334419","post","type-post","status-publish","format-standard","has-post-thumbnail","hentry","category-world-politics","tag-alexandar-vucic-en","tag-elezioni-serbia-2023-en","tag-news-parliament-en","tag-respect-status-right-en","tag-state-of-right-en","tag-sanctions-serbia-en","tag-inserbia","tag-serbia-russia-and"],"acf":[],"_links":{"self":[{"href":"https:\/\/www.eunews.it\/en\/wp-json\/wp\/v2\/posts\/334419","targetHints":{"allow":["GET"]}}],"collection":[{"href":"https:\/\/www.eunews.it\/en\/wp-json\/wp\/v2\/posts"}],"about":[{"href":"https:\/\/www.eunews.it\/en\/wp-json\/wp\/v2\/types\/post"}],"author":[{"embeddable":true,"href":"https:\/\/www.eunews.it\/en\/wp-json\/wp\/v2\/users\/5647"}],"replies":[{"embeddable":true,"href":"https:\/\/www.eunews.it\/en\/wp-json\/wp\/v2\/comments?post=334419"}],"version-history":[{"count":7,"href":"https:\/\/www.eunews.it\/en\/wp-json\/wp\/v2\/posts\/334419\/revisions"}],"predecessor-version":[{"id":335572,"href":"https:\/\/www.eunews.it\/en\/wp-json\/wp\/v2\/posts\/334419\/revisions\/335572"}],"wp:featuredmedia":[{"embeddable":true,"href":"https:\/\/www.eunews.it\/en\/wp-json\/wp\/v2\/media\/334332"}],"wp:attachment":[{"href":"https:\/\/www.eunews.it\/en\/wp-json\/wp\/v2\/media?parent=334419"}],"wp:term":[{"taxonomy":"category","embeddable":true,"href":"https:\/\/www.eunews.it\/en\/wp-json\/wp\/v2\/categories?post=334419"},{"taxonomy":"post_tag","embeddable":true,"href":"https:\/\/www.eunews.it\/en\/wp-json\/wp\/v2\/tags?post=334419"}],"curies":[{"name":"wp","href":"https:\/\/api.w.org\/{rel}","templated":true}]}}