{"id":384033,"date":"2024-08-16T11:28:58","date_gmt":"2024-08-16T09:28:58","guid":{"rendered":"https:\/\/www.eunews.it\/2024\/08\/16\/sefcovic-ue-non-riaprire-caccia-foche\/"},"modified":"2024-08-27T16:41:25","modified_gmt":"2024-08-27T14:41:25","slug":"sefcovic-eu-does-not-intend-to-reopen-large-scale-seal-hunt","status":"publish","type":"post","link":"https:\/\/www.eunews.it\/en\/2024\/08\/16\/sefcovic-eu-does-not-intend-to-reopen-large-scale-seal-hunt\/","title":{"rendered":"\u0160ef\u010dovi\u010d: &#8220;EU does not intend to reopen large-scale seal hunt&#8221;"},"content":{"rendered":"<p>Brussels &#8211; &#8220;<strong>The Commission does not intend to reopen large-scale commercial seal hunting, but rather to continue to ensure a good conservation status<\/strong> of the various seal species.&#8221; The executive&#8217;s line is clear, and the Commissioner for the Green Deal, <strong>Maros \u0160ef\u010dovi\u010d<\/strong>, states it just as clearly in\u00a0<a href=\"https:\/\/www.europarl.europa.eu\/doceo\/document\/P-10-2024-001393-ASW_EN.pdf\" target=\"_blank\" rel=\"noopener\">answering a parliamentary question<\/a>.<\/p>\n<p>The EU is\u00a0revising the\u00a0<a href=\"https:\/\/eur-lex.europa.eu\/legal-content\/EN\/ALL\/?uri=CELEX%3A32009R1007\" target=\"_blank\" rel=\"noopener\">regulation on trade in seal products<\/a> and the <a href=\"https:\/\/eur-lex.europa.eu\/eli\/dir\/1989\/370\/oj\" target=\"_blank\" rel=\"noopener\">seal pup directive<\/a>, <strong>now &#8216;dated&#8217;<\/strong> texts (from 2009 the former and\u00a01989 the latter). This regulation review process\u00a0&#8211; known as &#8216;Fitness Check&#8217; &#8211; should result in\u00a0updated legislation. \u0160ef\u010dovi\u010d stressed that there is no intention to reopen the seal hunting season, &#8220;subject to the outcomes&#8221; of the review of the state of adequacy of community regulations.<\/p>\n<p>The EU intends to pursue the conservation policy for the various\u00a0seal species &#8220;through the EU seal regime and other EU legislation such as the Habitats Directive,&#8221; \u0160ef\u010dovi\u010d added. The purpose of the directive, enshrined in Article 2, is to safeguard biodiversity through the conservation of natural habitats and wildlife with no hunting and no destruction of seal habitats. It is a policy priority that responds to explicit citizen demands. &#8220;The EU Seal Regime was indeed put in place to address <strong>primarily public moral concerns regarding the killing of seals<\/strong>, in particular seal pups.&#8221;<\/p>\n","protected":false},"excerpt":{"rendered":"<p>Green Deal commissioner confirms that &#8220;subject to&#8221; results of review of relevant EU regulations, Brussels intends to press ahead with conservation of the species<\/p>\n","protected":false},"author":494,"featured_media":383996,"comment_status":"closed","ping_status":"closed","sticky":false,"template":"","format":"standard","meta":{"_acf_changed":false,"episode_type":"","audio_file":"","podmotor_file_id":"","podmotor_episode_id":"","cover_image":"","cover_image_id":"","duration":"","filesize":"","filesize_raw":"","date_recorded":"","explicit":"","block":"","jnews-multi-image_gallery":[],"jnews_single_post":{"source_name":"","source_url":"","via_name":"","via_url":"","override_template":"0","override":[{"template":"1","single_blog_custom":"","parallax":"1","fullscreen":"1","layout":"right-sidebar","sidebar":"default-sidebar","second_sidebar":"default-sidebar","sticky_sidebar":"1","share_position":"top","share_float_style":"share-monocrhome","show_share_counter":"0","show_view_counter":"0","show_featured":"1","show_post_meta":"1","show_post_author":"1","show_post_author_image":"1","show_post_date":"1","post_date_format":"default","post_date_format_custom":"Y\/m\/d","show_post_category":"1","show_post_reading_time":"0","post_reading_time_wpm":"300","post_calculate_word_method":"str_word_count","show_zoom_button":"0","zoom_button_out_step":"2","zoom_button_in_step":"3","show_post_tag":"1","show_prev_next_post":"1","show_popup_post":"1","number_popup_post":"1","show_author_box":"0","show_post_related":"1","show_inline_post_related":"0"}],"override_image_size":"0","image_override":[{"single_post_thumbnail_size":"crop-500","single_post_gallery_size":"crop-500"}],"trending_post":"0","trending_post_position":"meta","trending_post_label":"Trending","sponsored_post":"0","sponsored_post_label":"Sponsored by","sponsored_post_name":"","sponsored_post_url":"","sponsored_post_logo_enable":"0","sponsored_post_logo":"","sponsored_post_desc":"","disable_ad":"0"},"jnews_primary_category":{"id":"","hide":""},"jnews_override_counter":{"override_view_counter":"0","view_counter_number":"0","override_share_counter":"0","share_counter_number":"0","override_like_counter":"0","like_counter_number":"0","override_dislike_counter":"0","dislike_counter_number":"0"},"footnotes":""},"categories":[25712],"tags":[25746,26076,28761,25987,28760,25886],"class_list":["post-384033","post","type-post","status-publish","format-standard","has-post-thumbnail","hentry","category-general-news","tag-environment-en","tag-foche-en","tag-maros-sefcovicat","tag-hunt-the-foca-en","tag-sustainability-en"],"acf":[],"_links":{"self":[{"href":"https:\/\/www.eunews.it\/en\/wp-json\/wp\/v2\/posts\/384033","targetHints":{"allow":["GET"]}}],"collection":[{"href":"https:\/\/www.eunews.it\/en\/wp-json\/wp\/v2\/posts"}],"about":[{"href":"https:\/\/www.eunews.it\/en\/wp-json\/wp\/v2\/types\/post"}],"author":[{"embeddable":true,"href":"https:\/\/www.eunews.it\/en\/wp-json\/wp\/v2\/users\/494"}],"replies":[{"embeddable":true,"href":"https:\/\/www.eunews.it\/en\/wp-json\/wp\/v2\/comments?post=384033"}],"version-history":[{"count":5,"href":"https:\/\/www.eunews.it\/en\/wp-json\/wp\/v2\/posts\/384033\/revisions"}],"predecessor-version":[{"id":385229,"href":"https:\/\/www.eunews.it\/en\/wp-json\/wp\/v2\/posts\/384033\/revisions\/385229"}],"wp:featuredmedia":[{"embeddable":true,"href":"https:\/\/www.eunews.it\/en\/wp-json\/wp\/v2\/media\/383996"}],"wp:attachment":[{"href":"https:\/\/www.eunews.it\/en\/wp-json\/wp\/v2\/media?parent=384033"}],"wp:term":[{"taxonomy":"category","embeddable":true,"href":"https:\/\/www.eunews.it\/en\/wp-json\/wp\/v2\/categories?post=384033"},{"taxonomy":"post_tag","embeddable":true,"href":"https:\/\/www.eunews.it\/en\/wp-json\/wp\/v2\/tags?post=384033"}],"curies":[{"name":"wp","href":"https:\/\/api.w.org\/{rel}","templated":true}]}}