{"id":416956,"date":"2025-01-23T12:54:10","date_gmt":"2025-01-23T11:54:10","guid":{"rendered":"https:\/\/www.eunews.it\/2025\/01\/23\/difesa-nasce-la-nuova-commissione-alleurocamera-4-membri-italiani-tutti-di-centro-e-di-destra\/"},"modified":"2025-01-23T14:08:20","modified_gmt":"2025-01-23T13:08:20","slug":"defense-new-committee-established-in-the-european-parliament-4-italian-members-all-from-the-center-and-the-right","status":"publish","type":"post","link":"https:\/\/www.eunews.it\/en\/2025\/01\/23\/defense-new-committee-established-in-the-european-parliament-4-italian-members-all-from-the-center-and-the-right\/","title":{"rendered":"Defense: new committee established in the European Parliament: 4 Italian members, all from the center and the right"},"content":{"rendered":"<p>Strasbourg &#8211; The Defense Committee of the European Parliament (SEDE) has been established. Merely\u00a0a subcommittee until\u00a0<a href=\"https:\/\/www.europarl.europa.eu\/news\/it\/press-room\/20250116IPR26333\/composition-of-parliament-s-new-committees-released\" target=\"_blank\" rel=\"noopener\">today<\/a> (Jan. 23), it has been\u00a0<strong><a href=\"https:\/\/www.eunews.it\/en\/2024\/12\/18\/two-new-committees-and-two-intergroups-are-born-in-the-european-parliament\/\" target=\"_blank\" rel=\"noopener\">elevated in rank<\/a>\u00a0to address the political and economic priorities decided by the European Union<\/strong> for the coming years. It is a tool for Parliament to better work with (and oversee) the activities of the new European Commissioner for Defense, Lithuania&#8217;s <strong>Andrius Kubilius<\/strong>, and the EU Council.<\/p>\n<p>The <strong>limited\u00a0presence of Italians<\/strong> among its members stands out (but the reasoning could be very complex\u00a0as one must evaluate the balance of\u00a0all parliamentary committees). There are four\u00a0out of 43, a little less than ten percent, which roughly mirrors the composition of the Parliament. However,\u00a0they are all from the center-right and the extreme right: one from the EPP (Forza Italia), <strong>Salvatore De Meo<\/strong>, one from the Patriots (League), <strong>Roberto Vannacci<\/strong>, and two from the Conservatives (Fratelli d&#8217;Italia), <strong>Elena Donazzan<\/strong> and <strong>Alberico Gambino<\/strong>.<\/p>\n<p>A constituent session is scheduled for Jan. 27 when the leadership\u00a0bureau will be elected. On Jan. 29, it will be the turn of the new Public Health Committee, which includes Italians Letizia Moratti (FI), Alessandra Moretti (PD), Michele Picaro and Ruggero Razza (FdI), Ignazio Marino (AVS), Valentina Palmisano and Dario Tamburrano (M5S). Following\u00a0is the full list of members of the Defense (SEDE) Committee released by the Parliament:<\/p>\n<p><strong>EPP (11)<\/strong><br \/>\nBEKE Wouter<br \/>\nDE MEO Salvatore<br \/>\nGOMART Christophe<br \/>\nHERBST Niclas HERBST<br \/>\nMEIMARAKIS Vangelis<br \/>\nNOVAKOV Andrey<br \/>\nPASCUAL DE LA PARTE Nicol\u00e1s<br \/>\nSZCZERBA Micha\u0142<br \/>\nTEODORESCU M\u00c5WE Alice<br \/>\nTERRAS Riho<br \/>\nTOVERI Pekka<br \/>\nC01A SEDE<\/p>\n<p><strong>S&amp;D (8)<\/strong><br \/>\nCREMER Tobias<br \/>\nDI RUPO Elio<br \/>\nGLUCKSMANN Rapha\u00ebl<br \/>\nL\u00d3PEZ Javi<br \/>\nMAVRIDES Back<br \/>\nMENDES Ana Catarina<br \/>\nMIKSER Sven<br \/>\nTUDOSE Mihai<\/p>\n<p><strong>PfE (5)<\/strong><br \/>\nGy\u00f6rgy H\u00d6LV\u00c9NYI<br \/>\nPOKORN\u00c1 JERMANOV\u00c1 Jaroslava<br \/>\nST\u00d6TELER Sebastiaan<br \/>\nTHIONNET Pierre-Romain<br \/>\nVANNACCI Roberto<\/p>\n<p><strong>ECR (5)<\/strong><br \/>\nDONAZZAN Elena<br \/>\nDWORCZYK Michal<br \/>\nGAMBINO Alberico<br \/>\nPOZ\u0145AKS Reinis<br \/>\nVONDRA Alexandr<\/p>\n<p><strong>Renew (5)<\/strong><br \/>\nAU\u0160TREVI\u010cIUS Petras<br \/>\nLOISEAU Nathalie<br \/>\n\u0160AREC Marjan<br \/>\nSTRACK-ZIMMERMANN Marie-Agnes<br \/>\nYAR Lucia<\/p>\n<p><strong>Greens\/EFA (3)<\/strong><br \/>\nNEUMANN Hannah<br \/>\nSTAKIS Martins<br \/>\nVAN LANSCHOT Reinier<\/p>\n<p><strong>The Left (3)<\/strong><br \/>\nBOTENGA Marc<br \/>\nDEMIREL \u00d6zlem<br \/>\nKYLL\u00d6NEN Merja<\/p>\n<p><strong>ESN (1)<\/strong><br \/>\nNEUHOFF Hans<\/p>\n<p><strong>NI (2)<\/strong><br \/>\nPAPADAKIS Kostas<br \/>\nVON DER SCHULENBURG Michael.<\/p>\n","protected":false},"excerpt":{"rendered":"<p>A constituent session is scheduled for Jan. 27, at which the leadership bureau will be elected. On the 29th it will be the turn of the Public Health Committee.<\/p>\n","protected":false},"author":1,"featured_media":215314,"comment_status":"closed","ping_status":"closed","sticky":false,"template":"","format":"standard","meta":{"_acf_changed":false,"episode_type":"","audio_file":"","podmotor_file_id":"","podmotor_episode_id":"","cover_image":"","cover_image_id":"","duration":"","filesize":"","filesize_raw":"","date_recorded":"","explicit":"","block":"","jnews-multi-image_gallery":[],"jnews_single_post":{"format":"standard","override":[{"template":"1","parallax":"1","fullscreen":"1","layout":"right-sidebar","sidebar":"default-sidebar","second_sidebar":"default-sidebar","sticky_sidebar":"1","share_position":"top","share_float_style":"share-monocrhome","show_featured":"1","show_post_meta":"1","show_post_author":"1","show_post_author_image":"1","show_post_date":"1","post_date_format":"default","post_date_format_custom":"Y\/m\/d","show_post_category":"1","show_post_reading_time":"0","post_reading_time_wpm":"300","post_calculate_word_method":"str_word_count","show_zoom_button":"0","zoom_button_out_step":"2","zoom_button_in_step":"3","show_post_tag":"1","show_prev_next_post":"1","show_popup_post":"1","number_popup_post":"1","show_author_box":"0","show_post_related":"1","show_inline_post_related":"0"}],"image_override":[{"single_post_thumbnail_size":"crop-500","single_post_gallery_size":"crop-500"}],"trending_post_position":"meta","trending_post_label":"Trending","sponsored_post_label":"Sponsored by","disable_ad":"0","subtitle":""},"jnews_primary_category":[],"jnews_override_counter":{"view_counter_number":"0","share_counter_number":"0","like_counter_number":"0","dislike_counter_number":"0"},"footnotes":""},"categories":[25681],"tags":[27336,25755,30248],"class_list":["post-416956","post","type-post","status-publish","format-standard","has-post-thumbnail","hentry","category-politics","tag-news-parliament-en","tag-sede-and"],"acf":[],"_links":{"self":[{"href":"https:\/\/www.eunews.it\/en\/wp-json\/wp\/v2\/posts\/416956","targetHints":{"allow":["GET"]}}],"collection":[{"href":"https:\/\/www.eunews.it\/en\/wp-json\/wp\/v2\/posts"}],"about":[{"href":"https:\/\/www.eunews.it\/en\/wp-json\/wp\/v2\/types\/post"}],"author":[{"embeddable":true,"href":"https:\/\/www.eunews.it\/en\/wp-json\/wp\/v2\/users\/1"}],"replies":[{"embeddable":true,"href":"https:\/\/www.eunews.it\/en\/wp-json\/wp\/v2\/comments?post=416956"}],"version-history":[{"count":5,"href":"https:\/\/www.eunews.it\/en\/wp-json\/wp\/v2\/posts\/416956\/revisions"}],"predecessor-version":[{"id":416973,"href":"https:\/\/www.eunews.it\/en\/wp-json\/wp\/v2\/posts\/416956\/revisions\/416973"}],"wp:featuredmedia":[{"embeddable":true,"href":"https:\/\/www.eunews.it\/en\/wp-json\/wp\/v2\/media\/215314"}],"wp:attachment":[{"href":"https:\/\/www.eunews.it\/en\/wp-json\/wp\/v2\/media?parent=416956"}],"wp:term":[{"taxonomy":"category","embeddable":true,"href":"https:\/\/www.eunews.it\/en\/wp-json\/wp\/v2\/categories?post=416956"},{"taxonomy":"post_tag","embeddable":true,"href":"https:\/\/www.eunews.it\/en\/wp-json\/wp\/v2\/tags?post=416956"}],"curies":[{"name":"wp","href":"https:\/\/api.w.org\/{rel}","templated":true}]}}