{"id":422607,"date":"2025-03-26T13:21:11","date_gmt":"2025-03-26T12:21:11","guid":{"rendered":"https:\/\/www.eunews.it\/2025\/03\/26\/serbia-von-der-leyen-costa-vucic\/"},"modified":"2025-03-26T15:22:08","modified_gmt":"2025-03-26T14:22:08","slug":"serbia-von-der-leyen-and-costa-do-not-foresake-vucic-insisting-on-reforms-and-the-fight-against-corruption","status":"publish","type":"post","link":"https:\/\/www.eunews.it\/en\/2025\/03\/26\/serbia-von-der-leyen-and-costa-do-not-foresake-vucic-insisting-on-reforms-and-the-fight-against-corruption\/","title":{"rendered":"Serbia: von der Leyen and Costa do not foresake Vu\u010di\u0107, insisting on reforms and the fight against corruption"},"content":{"rendered":"<p>Brussels &#8211; Overwhelmed by the anger of citizens at home, authoritarian Serbian President Aleksandar Vu\u010di\u0107 is finding relief in Brussels, where EU leaders\u00a0<strong>Ursula von der Leyen and Antonio Costa<\/strong> thought it was an opportune time to host him for <strong>a dinner that Vu\u010di\u0107 himself described as &#8220;cordial, concrete, open, responsible, and serious.&#8221;<\/strong> A spokeswoman for the European Commission had anticipated that the protests that have been ongoing for more than four months would &#8220;very well be a subject of discussion.&#8221; Still,\u00a0the message leaking out of the meeting is likely to be a different one: the EU, for strategic and economic reasons, chooses not to dump Vu\u010di\u0107,\u00a0<strong>turning its back on the Serbian people&#8217;s aspirations<\/strong> for a clean break with the regime that has been in power for twelve years.<\/p>\n<p>&#8220;We discussed the need to advance EU-related reforms. Progress is <strong>needed<\/strong> in media freedom, the fight against corruption, and electoral reform,&#8221; the European Council president said on the sidelines of the dinner with the Serbian nationalist leader. According to Costa, &#8220;tangible results are at hand in areas that can benefit the Serbian people directly.<strong> Serbia&#8217;s future is in the EU<\/strong>.&#8221; Von der Leyen, with a <a href=\"https:\/\/x.com\/vonderleyen\/status\/1904621335399035083\" target=\"_blank\" rel=\"noopener\">post<\/a> on X, emphasized that the country &#8211; which has been a candidate for EU membership for eleven years &#8211; must press ahead with reforms &#8220;in particular to take decisive steps toward media freedom, the fight against corruption, and electoral reform.&#8221;<\/p>\n<figure id=\"attachment_421464\" class=\"wp-caption alignleft\" style=\"width: 470px;\"><a href=\"https:\/\/www.eunews.it\/wp-content\/uploads\/2025\/03\/000_372F747-scaled.jpg\"><img decoding=\"async\" class=\"wp-image-421464 \" src=\"https:\/\/www.eunews.it\/wp-content\/uploads\/2025\/03\/000_372F747-scaled.jpg\" width=\"470\" height=\"313\" srcset=\"https:\/\/www.eunews.it\/wp-content\/uploads\/2025\/03\/000_372F747-scaled.jpg 2560w, https:\/\/www.eunews.it\/wp-content\/uploads\/2025\/03\/000_372F747-300x200.jpg 300w, https:\/\/www.eunews.it\/wp-content\/uploads\/2025\/03\/000_372F747-1024x683.jpg 1024w, https:\/\/www.eunews.it\/wp-content\/uploads\/2025\/03\/000_372F747-768x512.jpg 768w, https:\/\/www.eunews.it\/wp-content\/uploads\/2025\/03\/000_372F747-1536x1024.jpg 1536w, https:\/\/www.eunews.it\/wp-content\/uploads\/2025\/03\/000_372F747-2048x1365.jpg 2048w, https:\/\/www.eunews.it\/wp-content\/uploads\/2025\/03\/000_372F747-750x500.jpg 750w, https:\/\/www.eunews.it\/wp-content\/uploads\/2025\/03\/000_372F747-1140x760.jpg 1140w\" sizes=\"(max-width: 470px) 100vw, 470px\" \/><\/a><figcaption id=\"caption-attachment-421464\" class=\"wp-caption-text\">Protestors in Belgrade, 15\/03\/25 (Photo by Andrej ISAKOVIC \/ AFP)<\/figcaption><\/figure>\n<p>According to <strong>Sr\u0111an Cviji\u0107<\/strong>, president\u00a0of the International Advisory Committee of the <a href=\"https:\/\/bezbednost.org\/en\/\" target=\"_blank\" rel=\"noopener\">Belgrade Centre for Security Policy<\/a>, Serbia&#8217;s public perception of the meeting &#8220;has been largely negative, as many see it as a <strong>sign of the European Union&#8217;s continued support for Vu\u010di\u0107&#8217;s increasingly authoritarian government<\/strong>.&#8221; Contacted by Eunews, however, the political analyst suggests that &#8220;closer analysis reveals <strong>a change in the tone and treatment<\/strong>&#8221; of the servant leader compared to previous meetings.<\/p>\n<p style=\"margin-bottom: 0px;\">\u00a0In particular, von der Leyen visited Serbia shortly before the protests began on October 25, 2024, and in a joint press conference with Vu\u010di\u0107, had praised Belgrade&#8217;s progress in the rule of law and democratic reforms. Statements &#8220;in stark contrast to the real political trajectory of the country,&#8221; which &#8220;provoked\u00a0<strong>strong reactions among Serbian citizens in favor of European integration<\/strong>,&#8221; Cviji\u0107 stressed. The protocol followed yesterday, in comparison, &#8220;was visibly more sober.&#8221; No &#8220;dear Aleksandar,&#8221; no joint press conference, just a brief written statement in which EU leaders emphasized the need for greater efforts on media freedom, anti-corruption, and electoral reform rather than dwelling on progress already made.<\/p>\n<figure class=\"wp-caption alignright\" style=\"width: 471px;\"><img decoding=\"async\" class=\"alignright\" src=\"https:\/\/www.eunews.it\/wp-content\/uploads\/2025\/01\/WhatsApp-Image-2025-01-31-at-14.25.57.jpeg\" alt=\"Sr\u0111an Cviji\u0107, president of the International Advisory Committee of the Belgrade Centre for Security Policy\" width=\"471\" height=\"314\" \/><\/figure>\n<p>However, the <a href=\"https:\/\/vucic.rs\/Vesti\/Najnovije\/a63371-Sadrzajan-i-otvoren-razgovor-za-buducnost-Srbije.html\" target=\"_blank\" rel=\"noopener\">account<\/a> of the meeting provided\u00a0to the media by Vu\u010di\u0107\u00a0was far more elaborate. Beginning with allegations about law enforcement&#8217;s use of a long-range sonic weapon to disperse protesters during the massive\u00a0<a href=\"https:\/\/www.eunews.it\/en\/2025\/03\/17\/pressure-mounts-on-serbian-regime-and-the-eu-after-largest-demonstration-in-the-countrys-history\/\" target=\"_blank\" rel=\"noopener\">protest<\/a>\u00a0on March 15.<strong> Vu\u010di\u0107 assured European leaders that &#8220;there was no sonic cannon<\/strong>, that we are ready to verify it in every way, and that we will respond to the European Court of Human Rights.&#8221; However, he\u00a0curiously previously specified that &#8220;its use is not prohibited anywhere in Europe&#8221; and that &#8220;in the United States they use it almost every day.&#8221;<\/p>\n<p style=\"margin-bottom: 0px;\">In a note posted on the Serbian president&#8217;s official website, Vu\u010di\u0107 reportedly\u00a0reaffirmed\u00a0<strong>Belgrade&#8217;s absolute commitment &#8220;on the path to the EU<\/strong>, even more than it has been so far.&#8221; It is not quite what emerged in the last EU report on Enlargement, published on <a href=\"https:\/\/www.eunews.it\/en\/2024\/10\/30\/eu-enlargement-3-when-moscow-is-too-close-obstacles-to-the-accession-of-georgia-serbia-and-turkey\/\" target=\"_blank\" rel=\"noopener\">October 30,<\/a> 2024, the day before the incident at the Novi Sad station that claimed 15 lives and sparked protests in Serbia.\u00a0The document mainly highlighted the <strong>misalignment with EU foreign policy<\/strong>, the continued flirts with\u00a0Moscow and Beijing, the slow progress on rule of law reforms, and the normalization of relations with Kosovo. &#8220;I believe that by the end of the year, our goal is to open at least two clusters to make rapid progress toward the EU,&#8221; Vu\u010di\u0107 said. Serbia has opened 22 of the 35 negotiating chapters in its accession process, with only two provisionally closed.<\/p>\n<p style=\"margin-bottom: 0px;\">&#8220;We will soon have a decision to\u00a0form\u00a0a new government or new elections,&#8221; Vu\u010di\u0107 reportedly told the two EU leaders. In Belgrade, the government of the resigned <strong>Milo\u0161 Vu\u010devi\u0107<\/strong>, one of the heads to roll under the pressure of student protests, is still in place. The premier stepped down on\u00a0January 28, and thus, the 30-day period under Serbian law to\u00a0<strong>appoint a new executive or call citizens to the polls<\/strong> has broadly expired.<\/p>\n<p style=\"margin-bottom: 0px;\">The leaders also reportedly\u00a0discussed economics,\u00a0investment,\u00a0and the EU&#8217;s <strong>interest<\/strong> in &#8220;mineral resources and joint projects with Serbia.&#8221;\u00a0<a href=\"https:\/\/www.eunews.it\/en\/2025\/03\/25\/eu-indicates-47-strategic-projects-on-critical-materials-sejourne-lets-open-more-mines\/\" target=\"_blank\" rel=\"noopener\">Yesterday,<\/a> Brussels adopted the first list of 47 strategic projects to\u00a0supply\u00a0critical raw materials in member countries. For years, there has been talk of the possible construction of Europe&#8217;s largest lithium mining site in Serbia&#8217;s Jadar Valley. The EU has had its eye on it for some time, which\u00a0is one of the reasons why Brussels is ready to make concessions to the Serbian regime. According to Vu\u010di\u0107, &#8220;within seven or eight days,&#8221;\u00a0<strong>Jadar will be listed as a &#8220;strategic project<\/strong> of the EU in third countries.&#8221;<\/p>\n<p style=\"margin-bottom: 0px;\">The nationalist president said he was ultimately convinced the talks &#8220;meant a lot for the future of Serbia.&#8221; For the EU, however &#8211; Sr\u0111an Cviji\u0107 is sure of this &#8211; <strong>Vu\u010di\u0107 is &#8220;an increasingly toxic<\/strong> and politically burdensome partner.&#8221;<\/p>\n","protected":false},"excerpt":{"rendered":"<p>Serbia&#8217;s authoritarian president had dinner with EU leaders amid student protests. Vu\u010di\u0107 promises &#8220;absolute commitment&#8221; to the accession path and speedy decisions on a new government. According to political analyst Sr\u0111an Cviji\u0107, the meeting shows that &#8220;he is an increasingly toxic partner&#8221; for the EU<\/p>\n","protected":false},"author":7527,"featured_media":422532,"comment_status":"closed","ping_status":"closed","sticky":false,"template":"","format":"standard","meta":{"_acf_changed":false,"episode_type":"","audio_file":"","podmotor_file_id":"","podmotor_episode_id":"","cover_image":"","cover_image_id":"","duration":"","filesize":"","filesize_raw":"","date_recorded":"","explicit":"","block":"","jnews-multi-image_gallery":[],"jnews_single_post":{"format":"standard","override":[{"template":"1","parallax":"1","fullscreen":"1","layout":"right-sidebar","sidebar":"default-sidebar","second_sidebar":"default-sidebar","sticky_sidebar":"1","share_position":"top","share_float_style":"share-monocrhome","show_featured":"1","show_post_meta":"1","show_post_author":"1","show_post_author_image":"1","show_post_date":"1","post_date_format":"default","post_date_format_custom":"Y\/m\/d","show_post_category":"1","show_post_reading_time":"0","post_reading_time_wpm":"300","post_calculate_word_method":"str_word_count","show_zoom_button":"0","zoom_button_out_step":"2","zoom_button_in_step":"3","show_post_tag":"1","show_prev_next_post":"1","show_popup_post":"1","number_popup_post":"1","show_author_box":"0","show_post_related":"1","show_inline_post_related":"0"}],"image_override":[{"single_post_thumbnail_size":"crop-500","single_post_gallery_size":"crop-500"}],"trending_post_position":"meta","trending_post_label":"Trending","sponsored_post_label":"Sponsored by","disable_ad":"0","subtitle":""},"jnews_primary_category":[],"jnews_override_counter":{"view_counter_number":"0","share_counter_number":"0","like_counter_number":"0","dislike_counter_number":"0"},"footnotes":""},"categories":[25707],"tags":[27175,25747,26065,27334,26650,26071],"class_list":["post-422607","post","type-post","status-publish","format-standard","has-post-thumbnail","hentry","category-world-politics","tag-alexandar-vucic-en","tag-enlargement","tag-protesterand","tag-inserbia"],"acf":[],"_links":{"self":[{"href":"https:\/\/www.eunews.it\/en\/wp-json\/wp\/v2\/posts\/422607","targetHints":{"allow":["GET"]}}],"collection":[{"href":"https:\/\/www.eunews.it\/en\/wp-json\/wp\/v2\/posts"}],"about":[{"href":"https:\/\/www.eunews.it\/en\/wp-json\/wp\/v2\/types\/post"}],"author":[{"embeddable":true,"href":"https:\/\/www.eunews.it\/en\/wp-json\/wp\/v2\/users\/7527"}],"replies":[{"embeddable":true,"href":"https:\/\/www.eunews.it\/en\/wp-json\/wp\/v2\/comments?post=422607"}],"version-history":[{"count":5,"href":"https:\/\/www.eunews.it\/en\/wp-json\/wp\/v2\/posts\/422607\/revisions"}],"predecessor-version":[{"id":422669,"href":"https:\/\/www.eunews.it\/en\/wp-json\/wp\/v2\/posts\/422607\/revisions\/422669"}],"wp:featuredmedia":[{"embeddable":true,"href":"https:\/\/www.eunews.it\/en\/wp-json\/wp\/v2\/media\/422532"}],"wp:attachment":[{"href":"https:\/\/www.eunews.it\/en\/wp-json\/wp\/v2\/media?parent=422607"}],"wp:term":[{"taxonomy":"category","embeddable":true,"href":"https:\/\/www.eunews.it\/en\/wp-json\/wp\/v2\/categories?post=422607"},{"taxonomy":"post_tag","embeddable":true,"href":"https:\/\/www.eunews.it\/en\/wp-json\/wp\/v2\/tags?post=422607"}],"curies":[{"name":"wp","href":"https:\/\/api.w.org\/{rel}","templated":true}]}}