{"id":424467,"date":"2025-04-16T10:43:45","date_gmt":"2025-04-16T08:43:45","guid":{"rendered":"https:\/\/www.eunews.it\/2025\/04\/16\/dazi-sefcovic-ancora-niente-intesa-usa\/"},"modified":"2025-04-16T11:31:50","modified_gmt":"2025-04-16T09:31:50","slug":"no-eu-us-tariff-deal-yet-says-sefcovic-meloni-in-washington-on-thursday","status":"publish","type":"post","link":"https:\/\/www.eunews.it\/en\/2025\/04\/16\/no-eu-us-tariff-deal-yet-says-sefcovic-meloni-in-washington-on-thursday\/","title":{"rendered":"No EU-US tariff deal (yet), says Sefcovic. Meloni in Washington on Thursday"},"content":{"rendered":"<p>Brussels &#8211; There is no trade agreement with the United States, not yet at least, nor even an agreement on a zero tariff regime for industry. The European Trade Commissioner, <strong>Maros Sefcovic, has not succeeded in definitely<\/strong> eliminating the specter of a tariff war with his American counterpart. His mission to Washington serves to reiterate the twelve-star readiness to negotiate and find a shared, amicable agreement to avoid the imposition of tariffs on respective goods exported from one side of the Atlantic to the other. So far, however, no dice. The Trump administration will not relent, but the EU will not give up.<\/p>\n<p>It is not an easy mission for Sefcovic, and he\u00a0is well aware of that. Finding an understanding on the first negotiating attempt would have been an enormous success,\u00a0so calm and determination are maintained. &#8220;<strong>The EU remains constructive and ready to reach<\/strong> a fair agreement, including reciprocity through our 0-for-0 tariff offer on industrial goods and work on non-tariff barriers,&#8221; Sefcovic stresses, aware that &#8220;achieving this goal will require a significant joint effort on both sides.&#8221; Of course, now that the US has rejected the EU&#8217;s peace offers, it will have to be the White House that comes up with a counter-proposal.<\/p>\n<blockquote class=\"twitter-tweet\" data-o-mail-quote-node=\"1\" data-o-mail-quote=\"1\">\n<p dir=\"ltr\" lang=\"en\">In D.C., met with Secretary <a href=\"https:\/\/twitter.com\/howardlutnick?ref_src=twsrc%5Etfw\" target=\"_blank\" rel=\"noopener\">@howardlutnick<\/a> and Ambassador <a href=\"https:\/\/twitter.com\/jamiesongreer?ref_src=twsrc%5Etfw\" target=\"_blank\" rel=\"noopener\">@jamiesongreer<\/a> for negotiations, seizing the 90-day window for a mutual solution to unjustified tariffs. 1\/2 <a href=\"https:\/\/t.co\/P0eMgZSudQ\">pic.twitter.com\/P0eMgZSudQ<\/a><\/p>\n<p>&#8211; Maro\u0161 \u0160ef\u010dovi\u010d (@MarosSefcovic) <a href=\"https:\/\/twitter.com\/MarosSefcovic\/status\/1911849916109906216?ref_src=twsrc%5Etfw\" target=\"_blank\" rel=\"noopener\">April 14, 2025<\/a>#<\/p><\/blockquote>\n<p style=\"margin-bottom: 0px;\">In Brussels, there is no sense of panic. There are 90 days from yesterday (April 15) to try to find an understanding. Not surprisingly, lips are\u00a0sealed, therefore. The moment is as delicate as it is decisive, and it is preferred to work with those in charge &#8211; the United States &#8211; without putting everything in the public square. The reiterated message is that &#8220;<strong>we are moving along two tracks:<\/strong> negotiations and preparing for the worst should the negotiations fail to produce an agreement,&#8221; said\u00a0<strong>Olof Gill,<\/strong> the EU executive&#8217;s spokesman for trade issues. In essence, nothing has changed\u00a0from the\u00a0<a href=\"https:\/\/www.eunews.it\/en\/2025\/04\/07\/eu-chooses-gradual-response-to-trumps-tariffs-negotiate-and-only-then-strike\/\" target=\"_blank\" rel=\"noopener\">approach already in place.<\/a><\/p>\n<p style=\"margin-bottom: 0px;\">A contribution to this sensitive matter could come from <strong>Giorgia Meloni,<\/strong> who, according to sources in Rome, has frequently heard from Ursula von der Leyen in recent days. The Prime Minister is expected in Washington tomorrow (April 16), where she will meet\u00a0the US president. A confrontation on tariffs is inevitable, with the Commission looking at the institutional appointment and clarifying that the Italian head of government has not received any mandate. &#8220;<strong>Any input is welcome, but the competence on trade lies with the European Commission<\/strong>, as <a href=\"https:\/\/eur-lex.europa.eu\/legal-content\/IT\/TXT\/?uri=CELEX:12016E003\" target=\"_blank\" rel=\"noopener\">required by Treaties<\/a>,&#8221; Gill cuts short.<\/p>\n","protected":false},"excerpt":{"rendered":"<p>The trade commissioner failed to reach a deal on zero tariffs on industry. Brussels doesn&#8217;t give up. Italian PM visits Trump without an EU mandate.<\/p>\n","protected":false},"author":494,"featured_media":286956,"comment_status":"closed","ping_status":"closed","sticky":false,"template":"","format":"standard","meta":{"_acf_changed":false,"episode_type":"","audio_file":"","podmotor_file_id":"","podmotor_episode_id":"","cover_image":"","cover_image_id":"","duration":"","filesize":"","filesize_raw":"","date_recorded":"","explicit":"","block":"","jnews-multi-image_gallery":[],"jnews_single_post":{"format":"standard","override":[{"template":"1","parallax":"1","fullscreen":"1","layout":"right-sidebar","sidebar":"default-sidebar","second_sidebar":"default-sidebar","sticky_sidebar":"1","share_position":"top","share_float_style":"share-monocrhome","show_featured":"1","show_post_meta":"1","show_post_author":"1","show_post_author_image":"1","show_post_date":"1","post_date_format":"default","post_date_format_custom":"Y\/m\/d","show_post_category":"1","show_post_reading_time":"0","post_reading_time_wpm":"300","post_calculate_word_method":"str_word_count","show_zoom_button":"0","zoom_button_out_step":"2","zoom_button_in_step":"3","show_post_tag":"1","show_prev_next_post":"1","show_popup_post":"1","number_popup_post":"1","show_author_box":"0","show_post_related":"1","show_inline_post_related":"0"}],"image_override":[{"single_post_thumbnail_size":"crop-500","single_post_gallery_size":"crop-500"}],"trending_post_position":"meta","trending_post_label":"Trending","sponsored_post_label":"Sponsored by","disable_ad":"0","subtitle":""},"jnews_primary_category":[],"jnews_override_counter":{"view_counter_number":"0","share_counter_number":"0","like_counter_number":"0","dislike_counter_number":"0"},"footnotes":""},"categories":[25707],"tags":[26411,30670,26279,26598,26413,26064,25987],"class_list":["post-424467","post","type-post","status-publish","format-standard","has-post-thumbnail","hentry","category-world-politics","tag-trade-en","tag-dazi-en","tag-ue-stati-uniti-en","tag-giorgia-meloni-en","tag-maros-sefcovicat"],"acf":[],"_links":{"self":[{"href":"https:\/\/www.eunews.it\/en\/wp-json\/wp\/v2\/posts\/424467","targetHints":{"allow":["GET"]}}],"collection":[{"href":"https:\/\/www.eunews.it\/en\/wp-json\/wp\/v2\/posts"}],"about":[{"href":"https:\/\/www.eunews.it\/en\/wp-json\/wp\/v2\/types\/post"}],"author":[{"embeddable":true,"href":"https:\/\/www.eunews.it\/en\/wp-json\/wp\/v2\/users\/494"}],"replies":[{"embeddable":true,"href":"https:\/\/www.eunews.it\/en\/wp-json\/wp\/v2\/comments?post=424467"}],"version-history":[{"count":4,"href":"https:\/\/www.eunews.it\/en\/wp-json\/wp\/v2\/posts\/424467\/revisions"}],"predecessor-version":[{"id":424485,"href":"https:\/\/www.eunews.it\/en\/wp-json\/wp\/v2\/posts\/424467\/revisions\/424485"}],"wp:featuredmedia":[{"embeddable":true,"href":"https:\/\/www.eunews.it\/en\/wp-json\/wp\/v2\/media\/286956"}],"wp:attachment":[{"href":"https:\/\/www.eunews.it\/en\/wp-json\/wp\/v2\/media?parent=424467"}],"wp:term":[{"taxonomy":"category","embeddable":true,"href":"https:\/\/www.eunews.it\/en\/wp-json\/wp\/v2\/categories?post=424467"},{"taxonomy":"post_tag","embeddable":true,"href":"https:\/\/www.eunews.it\/en\/wp-json\/wp\/v2\/tags?post=424467"}],"curies":[{"name":"wp","href":"https:\/\/api.w.org\/{rel}","templated":true}]}}