{"id":437017,"date":"2025-10-07T17:07:50","date_gmt":"2025-10-07T15:07:50","guid":{"rendered":"https:\/\/www.eunews.it\/2025\/10\/07\/quote-minori-a-dazi-zero-e-tariffe-piu-alte-per-le-eccedenze-le-misure-ue-per-lacciaio\/"},"modified":"2025-10-07T19:39:07","modified_gmt":"2025-10-07T17:39:07","slug":"zero-tariffs-for-lower-quotas-higher-ones-for-surpluses-eu-measures-for-steel","status":"publish","type":"post","link":"https:\/\/www.eunews.it\/en\/2025\/10\/07\/zero-tariffs-for-lower-quotas-higher-ones-for-surpluses-eu-measures-for-steel\/","title":{"rendered":"Zero tariffs for lower quotas, higher ones for surpluses. EU measures for steel"},"content":{"rendered":"<p>Brussels &#8211; <strong>Lower quotas\u00a0without tariffs, higher tariffs for excess quantities, and certification of origin requirements for smelting and casting<\/strong>: the European Commission is putting its hand to the steel market with <strong>new measures to combat global overcapacity<\/strong>. Following\u00a0the<span style=\"margin: 0px; padding: 0px;\"><a href=\"https:\/\/www.eunews.it\/en\/2025\/03\/19\/import-restrictions-and-fight-against-unfair-trade-eu-steel-plan-unveiled-but-energy-prices-the-elephant-in-the-room\/\" target=\"_blank\" rel=\"noopener\">\u00a0plan for the sector<\/a><\/span>, the EU executive unveils its operational strategy to meet the needs of the steel industry.<\/p>\n<p><span class=\"HwtZe\" lang=\"en\"><span class=\"jCAhz ChMk0b\"><span class=\"ryNqvb\"><span style=\"margin: 0px; padding: 0px;\">The main changes the European Commission wants to introduce are, first of all, the\u00a0<strong>limitation of zero-duty import volumes to 18.3 million tonnes per year<\/strong>\u00a0instead of 30.5 million tonnes.<\/span>\u00a0This is a 47 per cent reduction compared to the decreed steel volumes of 2024. The EU, therefore, practically halves the amount of steel without tariffs.\u00a0<strong>Once the quota of 18.3 million tonnes is reached, tariffs\u00a0of 50 per cent<\/strong> will be triggered on surplus steel entering the single market. These duties are double the current 25% regime. The 50% out-of-quota tariff\u00a0is seen as useful to limit and thus reduce imports. Brussels admits that a lower tariff\u00a0&#8220;would have risked being ineffective.&#8221;<\/span><\/span><\/span><\/p>\n<p>This quota system does not currently include a country system.\u00a0<strong>The European Commission does not envisage\u00a0<\/strong><span style=\"margin: 0px; padding: 0px;\"><strong>setting specific ceilings for the different steel &#8216;made in&#8217; products. Still, it reserves the right to do so at a later date<\/strong>, if necessary, after conducting the appropriate checks and bilateral comparisons<\/span>. Another measure seen as crucial to avoid loopholes and circumvent EU tariffs\u00a0is the <strong>obligation for importers to indicate where the steel was melted and cast<\/strong>.<\/p>\n<blockquote class=\"wp-embedded-content\" data-secret=\"sqDvdnhCbt\"><p><a href=\"https:\/\/www.eunews.it\/en\/2024\/11\/20\/steel-eurofer-calls-for-public-support-for-industry-transition\/\">Eurofer calls for public support in favor of steel industry transition<\/a><\/p><\/blockquote>\n<p><iframe class=\"wp-embedded-content\" sandbox=\"allow-scripts\" security=\"restricted\" style=\"position: absolute; visibility: hidden;\" title=\"&#8220;Eurofer calls for public support in favor of steel industry transition&#8221; &#8212; Eunews\" src=\"https:\/\/www.eunews.it\/en\/2024\/11\/20\/steel-eurofer-calls-for-public-support-for-industry-transition\/embed\/#?secret=I7eIR7h4Kg#?secret=sqDvdnhCbt\" data-secret=\"sqDvdnhCbt\" width=\"500\" height=\"282\" frameborder=\"0\" marginwidth=\"0\" marginheight=\"0\" scrolling=\"no\"><\/iframe><\/p>\n<p>The proceeds from the European steel tariffs will end up in the European Commission&#8217;s coffers, to feed those resources within the EU budget that Brussels has at its disposal without having to ask the member states for them. &#8220;<strong>There is no intention to use the proceeds as a subsidy to the sector<\/strong>,&#8221; clarify insiders.<\/p>\n<h4 id='measures-to-counteract-overcapacity'  id=\"boomdevs_1\">Measures to counteract overcapacity<\/h4>\n<p style=\"margin-bottom: 0px;\">The decisions taken by the European Commission are not coincidental<span style=\"margin: 0px; padding: 0px;\"><span style=\"margin: 0px; padding: 0px;\">. They\u00a0<strong>are<\/strong><\/span><strong>\u00a0based on 2013<\/strong>, a year considered a reference point because it is when<\/span>\u00a0the problem of global overcapacity began to manifest itself in an obvious way, especially for the twelve-star club. <span class=\"HwtZe\" lang=\"en\"><span class=\"jCAhz ChMk0b\"><span class=\"ryNqvb\">The EU steel industry is currently faced with a <strong>supply of more than five times the EU&#8217;s annual steel consumption<\/strong> (currently 620 million tonnes and set to reach 721 million tonnes by 2027). Brussels denounces &#8220;a strong pressure due to unsustainable levels&#8221; of global overcapacity,<br \/>\n<\/span><\/span><\/span><\/p>\n<p>with <b>China at the root of a problem that has been dragging on for years<\/b>.<\/p>\n<h4 id='useful-actions-for-negotiations-with-the-united-states'  id=\"boomdevs_2\">Useful actions for negotiations with the United States<\/h4>\n<p style=\"margin-bottom: 0px;\">&#8220;<span class=\"HwtZe\" lang=\"en\"><span class=\"jCAhz ChMk0b\"><span class=\"ryNqvb\">This proposal is\u00a0<span style=\"margin: 0px; padding: 0px;\">the<strong>\u00a0first<\/strong><\/span><strong>\u00a0step for our industry to regain competitiveness<\/strong>,&#8221; emphasises the Commission&#8217;s executive vice-president responsible for industrial strategy, <strong>Stephane S\u00e9journ\u00e9<\/strong>. It is therefore an autonomous initiative, yet linked to the trade negotiations with the United States. The agreement on tariffs reached at the end of July does not currently include the steel sector. The parties intend to negotiate new steel trade conditions separately, and it is no\u00a0<span style=\"margin: 0px; padding: 0px;\">secret that\u00a0<strong>these new European measures, designed to take effect<\/strong><\/span><strong>\u00a0by June 2026<\/strong> at the latest, are seen as a starting point for these negotiations with the White House.<\/span><\/span><\/span><\/p>\n<p style=\"margin-bottom: 0px;\"><img decoding=\"async\" class=\"img-fluid\" src=\"\/web\/image\/126-9cddebdd\/image.png?access_token=74c8a879-405b-45df-ac94-aef257e03242\" data-file-name=\"image.png\" \/><\/p>\n<p style=\"margin-bottom: 0px;\">Executive Vice President St\u00e9phane S\u00e9journ\u00e9, responsible for Industry Strategy, presents the steel plan in Germany [photo: Pau Barrena\/imagoeconomica]<\/p>\n<p style=\"margin-bottom: 0px;\">The steel negotiation, however, promises to be less predictable than expected, as US President Donald Trump not only wants to counter the entry of steel but also any product containing it, such as fixtures, fittings, and even motorbikes. However,\u00a0<span style=\"margin: 0px; padding: 0px;\"><strong>Europe&#8217;s<\/strong><\/span><strong>\u00a0new quota and duty regime is primarily intended as a response to China<\/strong>. This is said between the lines by\u00a0<strong>Maros Sefcovic<\/strong>, the Trade Commissioner, who continues to negotiate with the United States: &#8220;<span class=\"HwtZe\" lang=\"en\"><span class=\"jCAhz ChMk0b\"><span class=\"ryNqvb\">EU trade is based on fair and rules-based competition, and this measure will help our steel industry to compete fairly in a context of growing global overcapacity.\u00a0<\/span><\/span><\/span><\/p>\n<p style=\"margin-bottom: 0px;\">In the corridors, however, things are told as they are. &#8220;<strong>We have been talking to China for a long time, and despite what the Chinese authorities say, the situation has not improved but rather worsened<\/strong>,&#8221; acknowledges a European official, the same one who admits that, yes, &#8220;China is not one of the main culprits&#8221; of too much steel invading the market and putting it in crisis.<\/p>\n<h4 id='the-sector-rejoices-ready-to-do-even-more-in-parliament'  id=\"boomdevs_3\">The sector rejoices, ready to do even more in Parliament<\/h4>\n<p><a href=\"https:\/\/www.eurofer.eu\/\" target=\"_blank\" rel=\"noopener\">Eurofer<\/a>, the association of European steel producers (which includes the Italian companies Acciaieria Arvedi, Acciaierie d&#8217;Italia, Metinvest, Officine Tecnosider, and Riva), expressed appreciation for the measures. According to <strong>Axel Eggert<\/strong>, the organisation&#8217;s director general, \u201cthis is <strong>a major leap forward<\/strong> to defend the sector and constitutes clear evidence that the <a href=\"https:\/\/ec.europa.eu\/commission\/presscorner\/detail\/en\/ip_25_611\" target=\"_blank\" rel=\"noopener\">Strategic Dialogue on Steel<\/a>, initiated by President von der Leyen, is starting to bear fruit&#8221;.<\/p>\n<p>For Eurofer, this trade measure is &#8220;is vital to preserve not just the sector and its workforce, but the very backbone of EU industrial independence and green transition\u201d. Eggert and the sector he represents hope that the new provisions \u201cwill lay the ground for a renewed dialogue with the Trump administration to lift the current 50% tariffs on EU steel imports and relaunch work on an alliance to ringfence against global overcapacity&#8221;.<\/p>\n<p>The Commission&#8217;s proposal \u201cis <strong>a good first step<\/strong>, but it must be seen as the first in a real change of pace,\u201d comments <strong>Brando Benifei<\/strong> (PD\/S&amp;D), coordinator for International Trade for the Socialists in the European Parliament. \u201cThat is why <strong>the European Parliament will soon begin its work to strengthen its content<\/strong>,\u201d he promises. \u201cWe need more effective European trade defence instruments\u201d to \u201censure fair conditions for our producers and workers, because the European industrial transition cannot take place at the expense of employment and competitiveness.\u201d<\/p>\n","protected":false},"excerpt":{"rendered":"<p>The European Commission unveils actions to support the European steel industry. Reduced import ceiling from 30.5 to 18.3 million tonnes, above which tariffs of 50 per cent will be triggered. Pro-US anti-China clampdown<\/p>\n","protected":false},"author":494,"featured_media":436958,"comment_status":"closed","ping_status":"closed","sticky":false,"template":"","format":"standard","meta":{"_acf_changed":false,"episode_type":"","audio_file":"","podmotor_file_id":"","podmotor_episode_id":"","cover_image":"","cover_image_id":"","duration":"","filesize":"","filesize_raw":"","date_recorded":"","explicit":"","block":"","jnews-multi-image_gallery":[],"jnews_single_post":{"format":"standard","override":[{"template":"1","parallax":"1","fullscreen":"1","layout":"right-sidebar","sidebar":"default-sidebar","second_sidebar":"default-sidebar","sticky_sidebar":"1","share_position":"top","share_float_style":"share-monocrhome","show_featured":"1","show_post_meta":"1","show_post_author":"1","show_post_author_image":"1","show_post_date":"1","post_date_format":"default","post_date_format_custom":"Y\/m\/d","show_post_category":"1","show_post_reading_time":"0","post_reading_time_wpm":"300","post_calculate_word_method":"str_word_count","show_zoom_button":"0","zoom_button_out_step":"2","zoom_button_in_step":"3","show_post_tag":"1","show_prev_next_post":"1","show_popup_post":"1","number_popup_post":"1","show_author_box":"0","show_post_related":"1","show_inline_post_related":"0"}],"image_override":[{"single_post_thumbnail_size":"crop-500","single_post_gallery_size":"crop-500"}],"trending_post_position":"meta","trending_post_label":"Trending","sponsored_post_label":"Sponsored by","disable_ad":"0","subtitle":""},"jnews_primary_category":[],"jnews_override_counter":{"view_counter_number":"0","share_counter_number":"0","like_counter_number":"0","dislike_counter_number":"0"},"footnotes":""},"categories":[25705,30805],"tags":[26521,25820,25916,26598,26413,26522,25987,26102,26523,26539,27987],"class_list":{"0":"post-437017","1":"post","2":"type-post","3":"status-publish","4":"format-standard","5":"has-post-thumbnail","6":"hentry","7":"category-business","8":"category-industry-markets","9":"tag-axel-eggert-en","10":"tag-white-benifei-en","11":"tag-cina-en","12":"tag-dazi-en","13":"tag-ue-stati-uniti-en","14":"tag-eurofer-en","15":"tag-maros-sefcovicat","16":"tag-stemand","18":"tag-stephane-sejourne-en","19":"tag-trade-en-2"},"acf":[],"_links":{"self":[{"href":"https:\/\/www.eunews.it\/en\/wp-json\/wp\/v2\/posts\/437017","targetHints":{"allow":["GET"]}}],"collection":[{"href":"https:\/\/www.eunews.it\/en\/wp-json\/wp\/v2\/posts"}],"about":[{"href":"https:\/\/www.eunews.it\/en\/wp-json\/wp\/v2\/types\/post"}],"author":[{"embeddable":true,"href":"https:\/\/www.eunews.it\/en\/wp-json\/wp\/v2\/users\/494"}],"replies":[{"embeddable":true,"href":"https:\/\/www.eunews.it\/en\/wp-json\/wp\/v2\/comments?post=437017"}],"version-history":[{"count":3,"href":"https:\/\/www.eunews.it\/en\/wp-json\/wp\/v2\/posts\/437017\/revisions"}],"predecessor-version":[{"id":437059,"href":"https:\/\/www.eunews.it\/en\/wp-json\/wp\/v2\/posts\/437017\/revisions\/437059"}],"wp:featuredmedia":[{"embeddable":true,"href":"https:\/\/www.eunews.it\/en\/wp-json\/wp\/v2\/media\/436958"}],"wp:attachment":[{"href":"https:\/\/www.eunews.it\/en\/wp-json\/wp\/v2\/media?parent=437017"}],"wp:term":[{"taxonomy":"category","embeddable":true,"href":"https:\/\/www.eunews.it\/en\/wp-json\/wp\/v2\/categories?post=437017"},{"taxonomy":"post_tag","embeddable":true,"href":"https:\/\/www.eunews.it\/en\/wp-json\/wp\/v2\/tags?post=437017"}],"curies":[{"name":"wp","href":"https:\/\/api.w.org\/{rel}","templated":true}]}}