{"id":443336,"date":"2026-01-20T09:36:54","date_gmt":"2026-01-20T08:36:54","guid":{"rendered":"https:\/\/www.eunews.it\/2026\/01\/20\/la-vicepresidenza-della-bce-alla-croazia-boris-vujcic-per-il-post-de-guindos\/"},"modified":"2026-01-20T13:08:45","modified_gmt":"2026-01-20T12:08:45","slug":"ecb-vice%e2%80%91presidency-goes-to-croatia-boris-vujcic-to-succeed-de-guindos","status":"publish","type":"post","link":"https:\/\/www.eunews.it\/en\/2026\/01\/20\/ecb-vice%e2%80%91presidency-goes-to-croatia-boris-vujcic-to-succeed-de-guindos\/","title":{"rendered":"ECB vice\u2011presidency goes to Croatia: Boris Vuj\u010di\u0107 to succeed de Guindos"},"content":{"rendered":"<p>Brussels &#8211;&nbsp;<strong>Boris Vuj\u010di\u0107<\/strong>, the current governor of the Croatian central bank, will succeed&nbsp;Luis de Guindos as <strong>vice\u2011president of the European Central Bank<\/strong>. The Eurogroup, meeting in Brussels, has managed to keep i<a href=\"https:\/\/www.eunews.it\/en\/2026\/01\/15\/eurogroup-wants-new-ecb-vice-president-as-early-as-next-week\/\">ts commitment to immediately name<\/a> the person who will take up the post that will become vacant on June 1<\/p>\n<p>Vuj\u010di\u0107, a 61-year-old economist, beat out competition from M\u00e1rio Centeno (Portugal), M\u0101rti\u0146\u0161 Kaz\u0101ks (Latvia), Madis M\u00fcller (Estonia), Olli Rehn (Finland), and Rimantas \u0160ad\u017eius (Lithuania). Furthermore, the Croatian was able to go beyond the preferences of the <a href=\"https:\/\/www.europarl.europa.eu\/news\/en\/press-room\/20260114IPR32403\/informal-exchanges-of-views-with-candidates-for-ecb-vice-president\" target=\"_blank\" rel=\"noopener\">European Parliament, which had included the names proposed by Portugal and Latvia among the list of candidates<\/a>.<\/p>\n<p>&nbsp;<span class=\"HwtZe\" lang=\"en\"><span class=\"jCAhz ChMk0b\"><span class=\"ryNqvb\">&#8220;I would like to congratulate Boris Vuj\u010di\u0107,&#8221; said <strong>Kyriakos Pierrakakis<\/strong>, Cypriot Minister of Finance and interim President of the Eurogroup. &#8220;<\/span><\/span><\/span><span class=\"HwtZe\" lang=\"en-GB\"><span class=\"jCAhz ChMk0b\"><span class=\"ryNqvb\">I would say this is a very significant success, a sign of institutional maturity, given the exceptionally large number of candidates and past experiences, such as in 2012, when it took six months to reach a consensus.&#8221;<br \/>\n<\/span><\/span><\/span>\n<\/p>\n<blockquote class=\"twitter-tweet\" data-o-mail-quote-node=\"1\" data-o-mail-quote=\"1\">\n<p dir=\"ltr\" lang=\"en\">Minister Giorgetti: &#8220;I am delighted with the appointment of Boris Vuj\u010di\u0107 as Vice-President of the ECB. My best wishes for his work!&#8221; <a href=\"https:\/\/t.co\/Os2og7NupI\">pic.twitter.com\/Os2og7NupI<\/a><\/p>\n<p>\u2014 MEF (@MEF_GOV) <a href=\"https:\/\/twitter.com\/MEF_GOV\/status\/2013315804553531870?ref_src=twsrc%5Etfw\" target=\"_blank\" rel=\"noopener\">January 19, 2026<\/a>&nbsp;<\/p><\/blockquote>\n<p class=\"twitter-tweet\" data-o-mail-quote-node=\"1\" data-o-mail-quote=\"1\"><span style=\"font-style: normal\">Congratulations and best wishes also came from the Minister of Economy, Giancarlo Giorgetti: &#8220;I am delighted with the appointment of Boris Vuj\u010di\u0107 as Vice-President of the ECB. My best wishes for his work.&#8221;<\/span><\/p>\n","protected":false},"excerpt":{"rendered":"<p>The Eurogroup nominates the governor of the Croatian central bank for the position that will become vacant on 1 June. Congratulations from Giorgetti.<\/p>\n","protected":false},"author":494,"featured_media":443284,"comment_status":"closed","ping_status":"closed","sticky":false,"template":"","format":"standard","meta":{"_acf_changed":false,"episode_type":"","audio_file":"","podmotor_file_id":"","podmotor_episode_id":"","cover_image":"","cover_image_id":"","duration":"","filesize":"","filesize_raw":"","date_recorded":"","explicit":"","block":"","jnews-multi-image_gallery":[],"jnews_single_post":{"format":"standard","override":[{"template":"1","parallax":"1","fullscreen":"1","layout":"right-sidebar","sidebar":"default-sidebar","second_sidebar":"default-sidebar","sticky_sidebar":"1","share_position":"top","share_float_style":"share-monocrhome","show_featured":"1","show_post_meta":"1","show_post_author":"1","show_post_author_image":"1","show_post_date":"1","post_date_format":"default","post_date_format_custom":"Y\/m\/d","show_post_category":"1","show_post_reading_time":"0","post_reading_time_wpm":"300","post_calculate_word_method":"str_word_count","show_zoom_button":"0","zoom_button_out_step":"2","zoom_button_in_step":"3","show_post_tag":"1","show_prev_next_post":"1","show_popup_post":"1","show_comment_section":"1","number_popup_post":"1","show_author_box":"0","show_post_related":"1","show_inline_post_related":"0"}],"image_override":[{"single_post_thumbnail_size":"crop-500","single_post_gallery_size":"crop-500"}],"trending_post_position":"meta","trending_post_label":"Trending","sponsored_post_label":"Sponsored by","disable_ad":"0","subtitle":""},"jnews_primary_category":[],"jnews_override_counter":{"view_counter_number":"0","share_counter_number":"0","like_counter_number":"0","dislike_counter_number":"0"},"footnotes":""},"categories":[25705],"tags":[26112,32891,25994,26151,25828,32591],"class_list":["post-443336","post","type-post","status-publish","format-standard","has-post-thumbnail","hentry","category-business","tag-bce-en","tag-boris-vujcic","tag-eurogroup-en","tag-bank-central-en-en","tag-eurozone-en","tag-vicepresidenza"],"acf":[],"_links":{"self":[{"href":"https:\/\/www.eunews.it\/en\/wp-json\/wp\/v2\/posts\/443336","targetHints":{"allow":["GET"]}}],"collection":[{"href":"https:\/\/www.eunews.it\/en\/wp-json\/wp\/v2\/posts"}],"about":[{"href":"https:\/\/www.eunews.it\/en\/wp-json\/wp\/v2\/types\/post"}],"author":[{"embeddable":true,"href":"https:\/\/www.eunews.it\/en\/wp-json\/wp\/v2\/users\/494"}],"replies":[{"embeddable":true,"href":"https:\/\/www.eunews.it\/en\/wp-json\/wp\/v2\/comments?post=443336"}],"version-history":[{"count":1,"href":"https:\/\/www.eunews.it\/en\/wp-json\/wp\/v2\/posts\/443336\/revisions"}],"predecessor-version":[{"id":443337,"href":"https:\/\/www.eunews.it\/en\/wp-json\/wp\/v2\/posts\/443336\/revisions\/443337"}],"wp:featuredmedia":[{"embeddable":true,"href":"https:\/\/www.eunews.it\/en\/wp-json\/wp\/v2\/media\/443284"}],"wp:attachment":[{"href":"https:\/\/www.eunews.it\/en\/wp-json\/wp\/v2\/media?parent=443336"}],"wp:term":[{"taxonomy":"category","embeddable":true,"href":"https:\/\/www.eunews.it\/en\/wp-json\/wp\/v2\/categories?post=443336"},{"taxonomy":"post_tag","embeddable":true,"href":"https:\/\/www.eunews.it\/en\/wp-json\/wp\/v2\/tags?post=443336"}],"curies":[{"name":"wp","href":"https:\/\/api.w.org\/{rel}","templated":true}]}}