{"id":444646,"date":"2026-02-09T11:14:59","date_gmt":"2026-02-09T10:14:59","guid":{"rendered":"https:\/\/www.eunews.it\/2026\/02\/09\/il-nuovo-presidente-del-portogallo-e-il-socialista-antonio-jose-seguro\/"},"modified":"2026-02-09T19:05:45","modified_gmt":"2026-02-09T18:05:45","slug":"portugals-new-president-is-socialist-antonio-jose-seguro","status":"publish","type":"post","link":"https:\/\/www.eunews.it\/en\/2026\/02\/09\/portugals-new-president-is-socialist-antonio-jose-seguro\/","title":{"rendered":"Portugal\u2019s new president is Socialist Ant\u00f3nio Jos\u00e9 Seguro"},"content":{"rendered":"<p>Brussels &#8211; <strong>Ant\u00f3nio Jos\u00e9 Seguro<\/strong>, candidate for the Socialist Party, is the new president of Portugal. In the second round of the presidential elections,<strong> he obtained approximately 67 per cent of the votes, double that of far-right candidate Andr\u00e9 Ventura<\/strong>. The result is <a href=\"https:\/\/www.eunews.it\/en\/2026\/01\/19\/portugal-moves-to-second-round-in-presidential-race-the-contest-to-hinge-on-the-eu\/\">in line<\/a> with the poll predictions and is historic for two reasons: on the one hand, Seguro obtained the highest number of votes in the country&#8217;s history, almost 3.5 million; on the other, the polls confirm that far-right voters are also on the rise in Portugal.<\/p>\n<p>Despite the <a href=\"https:\/\/www.agi.it\/estero\/news\/2026-02-07\/tempesta-marta-portogallo-spagna-35484588\/\" target=\"_blank\" rel=\"noopener\">torrential rain<\/a> that has been battering the south of the country for weeks \u2013 and the state of emergency declared in 69 municipalities \u2013 turnout reached around 50 per cent. Seguro, a veteran of the Portuguese socialist family, won 66.6 per cent of the vote against 33.4 per cent for Ventura, leader of the extremist party Chega! (which means &#8216;Enough!&#8217; in Portuguese), founded in 2019 and growing steadily since.\u00a0Seguro won by a landslide because <strong>he could count on the support of the traditional parties<\/strong>: most moderate and conservative voters preferred him to Ventura.<\/p>\n<div class=\"flourish-embed flourish-chart\" data-src=\"visualisation\/27571257\"><script src=\"https:\/\/public.flourish.studio\/resources\/embed.js\"><\/script><noscript><img decoding=\"async\" src=\"https:\/\/public.flourish.studio\/visualisation\/27571257\/thumbnail\" width=\"100%\" alt=\"chart visualization\" \/><\/noscript><\/div>\n<p>Prime Minister Lu\u00eds Montenegro, of the centre-right Social Democratic Party, praised the &#8220;great civic maturity&#8221; of Portuguese citizens and promised to work with Seguro &#8220;for the future of Portugal.&#8221; In Portugal, a semi-presidential parliamentary republic, the president has mostly representative powers, but still plays a very important role in ensuring national cohesion at a time when the Lisbon Parliament is highly fragmented. Seguro will replace Marcelo Rebelo de Sousa, from the same party as the prime minister, who has been head of state since 2016.<\/p>\n<blockquote class=\"twitter-tweet\" data-o-mail-quote-node=\"1\" data-o-mail-quote=\"1\">\n<p dir=\"ltr\" lang=\"en\">I congratulate Ant\u00f3nio Jos\u00e9 Seguro on his election as President of the Portuguese Republic and wish him every success in the exercise of his mandate.<\/p>\n<p>Today, the Portuguese people demonstrated their commitment to democracy, reaffirming Portugal as a pillar of European humanism.<\/p>\n<p>\u2014 Ant\u00f3nio Costa (@eucopresident) <a href=\"https:\/\/twitter.com\/eucopresident\/status\/2020611416710086736?ref_src=twsrc%5Etfw\" target=\"_blank\" rel=\"noopener\">February 8, 2026<\/a><\/p><\/blockquote>\n<blockquote class=\"twitter-tweet\" data-o-mail-quote-node=\"1\" data-o-mail-quote=\"1\"><p>S<span style=\"font-style: normal;\">eguro, a former MEP from 1999 to 2004, contested the leadership of the Portuguese Socialist Party in 2014 with the then mayor of Lisbon &#8211; and current President of the European Council &#8211; <strong>Antonio Costa.<\/strong> From Brussels, the leaders of the EU institutions congratulated the new president: &#8220;I wish him every success in his term of office. Today, the Portuguese people have demonstrated their commitment to democracy, reaffirming Portugal&#8217;s role as a pillar of European humanism,&#8221; Costa commented. &#8220;Portugal&#8217;s voice in support of our shared European values remains strong,&#8221; wrote European Commission President <strong>Ursula von der Leyen<\/strong> on X. &#8220;I know that Europe can count on your experience and commitment to our common project, especially as a former MEP, just as Portugal can continue to count on Europe,&#8221; said European Parliament President Roberta Metsola.\u00a0<\/span><\/p><\/blockquote>\n<div class=\"flourish-embed flourish-map\" data-src=\"visualisation\/27570611\"><script src=\"https:\/\/public.flourish.studio\/resources\/embed.js\"><\/script><noscript><img decoding=\"async\" src=\"https:\/\/public.flourish.studio\/visualisation\/27570611\/thumbnail\" width=\"100%\" alt=\"map visualization\" \/><\/noscript><\/div>\n<blockquote class=\"twitter-tweet\" data-o-mail-quote-node=\"1\" data-o-mail-quote=\"1\"><p><span style=\"font-style: normal;\">The other side of the coin is the slow but steady growth of the Eurosceptics of Chega!, who in Brussels are part of the sovereignist group Patriots for Europe, together with France&#8217;s Rassemblement National, Italy&#8217;s League, and Viktor Orb\u00e1n&#8217;s Hungarian party Fidesz. Ventura <strong>surpassed the party&#8217;s total vote in the May 2025 legislative elections<\/strong>, when it had about 22 per cent, already its best result to date.<\/span><\/p><\/blockquote>\n","protected":false},"excerpt":{"rendered":"<p>In the second round of the presidential elections, he obtained 66.6 per cent of the votes. But the far-right Chega party recorded its best result ever.<\/p>\n","protected":false},"author":7527,"featured_media":444619,"comment_status":"closed","ping_status":"closed","sticky":false,"template":"","format":"standard","meta":{"_acf_changed":false,"episode_type":"","audio_file":"","podmotor_file_id":"","podmotor_episode_id":"","cover_image":"","cover_image_id":"","duration":"","filesize":"","filesize_raw":"","date_recorded":"","explicit":"","block":"","jnews-multi-image_gallery":[],"jnews_single_post":{"format":"standard","override":[{"template":"1","parallax":"1","fullscreen":"1","layout":"right-sidebar","sidebar":"default-sidebar","second_sidebar":"default-sidebar","sticky_sidebar":"1","share_position":"top","share_float_style":"share-monocrhome","show_featured":"1","show_post_meta":"1","show_post_author":"1","show_post_author_image":"1","show_post_date":"1","post_date_format":"default","post_date_format_custom":"Y\/m\/d","show_post_category":"1","show_post_reading_time":"0","post_reading_time_wpm":"300","post_calculate_word_method":"str_word_count","show_zoom_button":"0","zoom_button_out_step":"2","zoom_button_in_step":"3","show_post_tag":"1","show_prev_next_post":"1","show_popup_post":"1","show_comment_section":"1","number_popup_post":"1","show_author_box":"0","show_post_related":"1","show_inline_post_related":"0"}],"image_override":[{"single_post_thumbnail_size":"crop-500","single_post_gallery_size":"crop-500"}],"trending_post_position":"meta","trending_post_label":"Trending","sponsored_post_label":"Sponsored by","disable_ad":"0","subtitle":""},"jnews_primary_category":[],"jnews_override_counter":{"view_counter_number":"0","share_counter_number":"0","like_counter_number":"0","dislike_counter_number":"0"},"footnotes":""},"categories":[25681],"tags":[33005,27179,29435],"class_list":["post-444646","post","type-post","status-publish","format-standard","has-post-thumbnail","hentry","category-politics","tag-antonio-jose-seguro","tag-portugal-en","tag-election-presidential-en"],"acf":[],"_links":{"self":[{"href":"https:\/\/www.eunews.it\/en\/wp-json\/wp\/v2\/posts\/444646","targetHints":{"allow":["GET"]}}],"collection":[{"href":"https:\/\/www.eunews.it\/en\/wp-json\/wp\/v2\/posts"}],"about":[{"href":"https:\/\/www.eunews.it\/en\/wp-json\/wp\/v2\/types\/post"}],"author":[{"embeddable":true,"href":"https:\/\/www.eunews.it\/en\/wp-json\/wp\/v2\/users\/7527"}],"replies":[{"embeddable":true,"href":"https:\/\/www.eunews.it\/en\/wp-json\/wp\/v2\/comments?post=444646"}],"version-history":[{"count":2,"href":"https:\/\/www.eunews.it\/en\/wp-json\/wp\/v2\/posts\/444646\/revisions"}],"predecessor-version":[{"id":444711,"href":"https:\/\/www.eunews.it\/en\/wp-json\/wp\/v2\/posts\/444646\/revisions\/444711"}],"wp:featuredmedia":[{"embeddable":true,"href":"https:\/\/www.eunews.it\/en\/wp-json\/wp\/v2\/media\/444619"}],"wp:attachment":[{"href":"https:\/\/www.eunews.it\/en\/wp-json\/wp\/v2\/media?parent=444646"}],"wp:term":[{"taxonomy":"category","embeddable":true,"href":"https:\/\/www.eunews.it\/en\/wp-json\/wp\/v2\/categories?post=444646"},{"taxonomy":"post_tag","embeddable":true,"href":"https:\/\/www.eunews.it\/en\/wp-json\/wp\/v2\/tags?post=444646"}],"curies":[{"name":"wp","href":"https:\/\/api.w.org\/{rel}","templated":true}]}}