{"id":447996,"date":"2026-03-18T17:27:01","date_gmt":"2026-03-18T16:27:01","guid":{"rendered":"https:\/\/www.eunews.it\/2026\/03\/18\/imprese-soddisfatte-sindacati-preoccupati-politica-divisa-le-reazioni-al-28esimo-regime-ue\/"},"modified":"2026-03-18T18:41:42","modified_gmt":"2026-03-18T17:41:42","slug":"businesses-are-pleased-trade-unions-are-concerned-politicians-are-divided-reactions-to-the-eus-28th-regime","status":"publish","type":"post","link":"https:\/\/www.eunews.it\/en\/2026\/03\/18\/businesses-are-pleased-trade-unions-are-concerned-politicians-are-divided-reactions-to-the-eus-28th-regime\/","title":{"rendered":"Businesses are pleased, trade unions are concerned, politicians are divided: reactions to the EU\u2019s &#8220;28th regime&#8221;"},"content":{"rendered":"<p>Brussels \u2013 <strong>Businesses are celebrating, trade unions are concerned and politicians are divided<\/strong>. The <a href=\"https:\/\/www.eunews.it\/en\/2026\/03\/18\/fewer-national-rules-and-a-single-eu-business-model-the-28th-competitiveness-framework-unveiled\/\" target=\"_blank\" rel=\"noopener\">European Commission&#8217;s proposal for new business-friendly rules<\/a> and competitiveness, known as the &#8220;28th regime&#8221;, is provoking a range of differing and conflicting reactions. <strong>BusinessEurope<\/strong>, the confederation of European industry associations, considers the initiative &#8220;a positive<span class=\"HwtZe\" lang=\"it\"><span class=\"jCAhz ChMk0b\"><span class=\"ryNqvb\">&nbsp;development for competitiveness in the single market&#8221;. &#8220;<strong>European businesses &#8220;welcome&#8221; this proposal<\/strong>,&#8221; comments the association\u2019s secretary-general, <strong>Markus Beyrer<\/strong>, as it &#8220;could simplify the procedures for setting up, expanding, and operating for entrepreneurs and companies in all Member States&#8221;. Furthermore, he hopes, &#8220;it could also help attract investment by offering a reliable and simple European corporate framework&#8221;.&nbsp;<\/span><\/span><\/span><\/p>\n<p><span class=\"HwtZe\" lang=\"it\"><span class=\"jCAhz ChMk0b\"><span class=\"ryNqvb\">Vladim\u00edr Dlouh\u00fd, President of <strong>Eurochambres<\/strong>, expressed satisfaction, though not entirely: &#8220;If implemented effectively, the initiative has the potential to provide founders, businesses, investors, and other stakeholders with a reliable legal framework to support companies wishing to expand across borders.&#8221; However, he laments, &#8220;<strong>insolvency matters must remain within the competence of Member States<\/strong> to ensure legal certainty, safeguard national regulatory frameworks that have been established over many years, and avoid unnecessary cross-border disruption.&#8221;<\/span><\/span><\/span>&nbsp;<\/p>\n<p><strong>Francesco Cerruti, Director General of the Italian Tech Alliance<\/strong>, is cautious: &#8220;We are moderately satisfied because the main issue at this stage was the choice between a regulation and a directive, and the regulatory approach chosen imposes greater constraints, leaving less room for Member States\u2019 discretion.&#8221; He adds that &#8220;a lengthy legislative process is now beginning, which we will monitor very closely to ensure the measure is as effective as possible.&#8221;&nbsp;<\/p>\n<p>The European Trade Union Confederation (<strong>ETUC<\/strong>) has taken a very different tone and responded quite differently: &#8220;<span class=\"HwtZe\" lang=\"it\"><span class=\"jCAhz ChMk0b\"><span class=\"ryNqvb\">The proposed draft regulation <strong>does not include legal provisions to prevent companies from refusing labour inspections<\/strong>,&#8221; the association laments. At the same time, the 28th regime &#8220;does not include provisions to prevent companies from <strong>a<\/strong><\/span><\/span><\/span><strong>voiding national labour law<\/strong> and collective bargaining agreements, <strong>replacing guaranteed wages or employment contracts<\/strong> with stock options, ignoring workers\u2019 rights to information and consultation in restructuring processes, undermining workers\u2019 right to board-level representation, and <strong>avoiding social security payments and national tax<strong>\u200b<\/strong><\/strong>.<span class=\"HwtZe\" lang=\"it\"><span class=\"jCAhz ChMk0b\"><span class=\"ryNqvb\">&#8221; In short, General Secretary <strong>Esther Lynch<\/strong> states: &#8220;Workers were promised that their rights would be fully protected, but such protections are nowhere to be found in the regulation.&#8221;<\/span><\/span><\/span>&nbsp;<\/p>\n<p>Criticism and reservations regarding the 28th regime have also been voiced by the European Parliament. The Socialists (S&amp;D) group, through <strong>Ren\u00e9 Ripasi<\/strong>, rapporteur for the <a href=\"https:\/\/www.europarl.europa.eu\/doceo\/document\/TA-10-2026-0002_EN.html\" target=\"_blank\" rel=\"noopener\">report on the subject, adopted on 20 January<\/a>, notes that the European Commission\u2019s proposal, whilst representing \u201ca step towards the completion of the single market\u201d, nevertheless suffers from the fact that \u201c<span class=\"HwtZe\" lang=\"it\"><span class=\"jCAhz ChMk0b\"><span class=\"ryNqvb\">contains <strong>significant and substantial gaps<\/strong>, such as concrete rules on capital requirements to prevent fraudulent takeovers and<strong> abuses regarding creditor protection, labour law<\/strong> and employee representation on the board of directors.&#8221;<\/span><\/span> This means, he warns, that &#8220;<span class=\"jCAhz ChMk0b\"><span class=\"ryNqvb\">without solid safeguards, the corporate form risks being exploited from the outset&#8221; to the detriment of workers. In short, the Socialists\u2019 support is conditional on the necessary amendments being made, warns Ripasi: \u201c<strong>The S&amp;D Group is ready to fight for a 28th company law regime that does not leave workers at the mercy of events,&nbsp;<\/strong>and that provides for robust social safeguards.\u201d <strong>Brando Benifei<\/strong> (PD) is categorical: &#8220;<strong>The proposal must be strengthened to prevent abuse and guarantee workers\u2019 rights<\/strong>.&#8221;<\/span><\/span><\/span><\/p>\n<p>&nbsp;Satisfaction has been expressed by the Liberal benches (Renew Europe, RE): &#8220;<span class=\"HwtZe\" lang=\"it\"><span class=\"jCAhz ChMk0b\"><span class=\"ryNqvb\">Renew welcomes this proposal,<\/span><\/span><\/span>&#8221; the group commented. The proposals regarding stock options and employee share ownership are particularly welcome. &#8220;<span class=\"HwtZe\" lang=\"it\"><span class=\"jCAhz ChMk0b\"><span class=\"ryNqvb\">The tax treatment of employee stock options is a significant issue,&#8221;, argues <strong>\u013dudov\u00edt \u00d3dor<\/strong>, the group\u2019s rapporteur on the dossier in the <a href=\"https:\/\/www.europarl.europa.eu\/committees\/en\/econ\/home\/highlights\" target=\"_blank\" rel=\"noopener\">Committee on Economic Affairs<\/a>. &#8220;We must ensure that under the 28th regime, these options are treated as capital gains and taxed only upon their actual realisation.&#8221;<\/span><\/span><\/span><\/p>\n","protected":false},"excerpt":{"rendered":"<p>BusinessEurope and Eurochambres welcome the European Commission\u2019s initiative on competitiveness, whilst the ETUC has criticised it. In the European Parliament, the Socialists are calling for worker-friendly amendments<\/p>\n","protected":false},"author":494,"featured_media":447959,"comment_status":"closed","ping_status":"closed","sticky":false,"template":"","format":"standard","meta":{"_acf_changed":false,"episode_type":"","audio_file":"","podmotor_file_id":"","podmotor_episode_id":"","cover_image":"","cover_image_id":"","duration":"","filesize":"","filesize_raw":"","date_recorded":"","explicit":"","block":"","jnews-multi-image_gallery":[],"jnews_single_post":{"format":"standard","override":[{"template":"1","parallax":"1","fullscreen":"1","layout":"right-sidebar","sidebar":"default-sidebar","second_sidebar":"default-sidebar","sticky_sidebar":"1","share_position":"top","share_float_style":"share-monocrhome","show_featured":"1","show_post_meta":"1","show_post_author":"1","show_post_author_image":"1","show_post_date":"1","post_date_format":"default","post_date_format_custom":"Y\/m\/d","show_post_category":"1","show_post_reading_time":"0","post_reading_time_wpm":"300","post_calculate_word_method":"str_word_count","show_zoom_button":"0","zoom_button_out_step":"2","zoom_button_in_step":"3","show_post_tag":"1","show_prev_next_post":"1","show_popup_post":"1","show_comment_section":"1","number_popup_post":"1","show_author_box":"0","show_post_related":"1","show_inline_post_related":"0"}],"image_override":[{"single_post_thumbnail_size":"crop-500","single_post_gallery_size":"crop-500"}],"trending_post_position":"meta","trending_post_label":"Trending","sponsored_post_label":"Sponsored by","disable_ad":"0","subtitle":""},"jnews_primary_category":[],"jnews_override_counter":{"view_counter_number":"0","share_counter_number":"0","like_counter_number":"0","dislike_counter_number":"0"},"footnotes":""},"categories":[25705],"tags":[28100,26752,27053,31837,25755,27184,33394,27943],"class_list":["post-447996","post","type-post","status-publish","format-standard","has-post-thumbnail","hentry","category-business","tag-businesseurope-en-2","tag-imprese-en","tag-etuc-en-2","tag-eurochambres-en","tag-news-parliament-en","tag-labor-law-en","tag-ue","tag-sindacati-en"],"acf":[],"_links":{"self":[{"href":"https:\/\/www.eunews.it\/en\/wp-json\/wp\/v2\/posts\/447996","targetHints":{"allow":["GET"]}}],"collection":[{"href":"https:\/\/www.eunews.it\/en\/wp-json\/wp\/v2\/posts"}],"about":[{"href":"https:\/\/www.eunews.it\/en\/wp-json\/wp\/v2\/types\/post"}],"author":[{"embeddable":true,"href":"https:\/\/www.eunews.it\/en\/wp-json\/wp\/v2\/users\/494"}],"replies":[{"embeddable":true,"href":"https:\/\/www.eunews.it\/en\/wp-json\/wp\/v2\/comments?post=447996"}],"version-history":[{"count":1,"href":"https:\/\/www.eunews.it\/en\/wp-json\/wp\/v2\/posts\/447996\/revisions"}],"predecessor-version":[{"id":447997,"href":"https:\/\/www.eunews.it\/en\/wp-json\/wp\/v2\/posts\/447996\/revisions\/447997"}],"wp:featuredmedia":[{"embeddable":true,"href":"https:\/\/www.eunews.it\/en\/wp-json\/wp\/v2\/media\/447959"}],"wp:attachment":[{"href":"https:\/\/www.eunews.it\/en\/wp-json\/wp\/v2\/media?parent=447996"}],"wp:term":[{"taxonomy":"category","embeddable":true,"href":"https:\/\/www.eunews.it\/en\/wp-json\/wp\/v2\/categories?post=447996"},{"taxonomy":"post_tag","embeddable":true,"href":"https:\/\/www.eunews.it\/en\/wp-json\/wp\/v2\/tags?post=447996"}],"curies":[{"name":"wp","href":"https:\/\/api.w.org\/{rel}","templated":true}]}}