{"id":451770,"date":"2026-04-29T20:05:56","date_gmt":"2026-04-29T18:05:56","guid":{"rendered":"https:\/\/www.eunews.it\/2026\/04\/29\/una-donna-sola-al-comando-a-proposito-delle-ultime-nomine-alla-commissione-europea\/"},"modified":"2026-04-30T11:18:29","modified_gmt":"2026-04-30T09:18:29","slug":"a-woman-alone-at-the-helm-the-latest-european-commission-nominations","status":"publish","type":"post","link":"https:\/\/www.eunews.it\/en\/2026\/04\/29\/a-woman-alone-at-the-helm-the-latest-european-commission-nominations\/","title":{"rendered":"A woman alone at the helm: the latest European Commission nominations"},"content":{"rendered":"<p>It does not seem to be an easy time for the European Commission, and especially for its President, Ursula von der Leyen.<\/p>\n<p>The war in the Middle East,&nbsp;with the return of politics taking precedence and, perhaps, some early ill\u2011timed statements of support for the Israeli\u2011American attack, with little regard for international law, has pushed into the background what, first during the Covid crisis and then with the war in Ukraine, had become for many the &#8220;voice of Europe.&#8221;<\/p>\n<p>Since the signing of the EU-Australia Free Trade Agreement over forty days ago, there have been no significant statements or positions taken by Ursula von der Leyen, not even on the current severe energy crisis; to address it, the Commission has so far proposed more &#8220;stopgap measures&#8221; than a concrete action plan&nbsp;at the European level, partly due to divisions amongst member states over how to proceed.&nbsp;<\/p>\n<p>In addition, on&nbsp;Monday, in Berlin, she faced criticism from her own party over the red tape and bureaucratic obstacles that the Commission is accused of having created under her presidency, which have had the effect of holding back the European economy \u2013 and the German economy in particular \u2013 making her a scapegoat for the crisis facing the governing coalition.<\/p>\n<p>Bend, don\u2019t break, until the danger is over (Calati junco che passa la china)<em>,<\/em> von der Leyen must have said, borrowing the famous Sicilian saying.&nbsp;&#8220;In the meantime, let me surround the Commission with people close to me.&#8221;<\/p>\n<p>No sooner said than done: following a minor reshuffle this week, the key posts of Director-General of DG Trade and Director-General of DG Energy have changed hands, with both positions going to two of von der Leyen\u2019s staunchest allies, just two weeks after the post of Director-General of the highly influential DG Competition was filled by a former member of the President\u2019s cabinet, Anthony Whelan.&nbsp;<\/p>\n<p>With her former deputy chief of staff, St\u00e9phanie Riso, at the helm of the Directorate-General for Budget, her former climate adviser, Kurt Vandenberghe, as Director-General of the Directorate-General for Climate Action, and her former spokesperson, Eric Mamer, appointed Director-General of the Directorate-General for the Environment, the European Commission is increasingly coming to reflect its President.<\/p>\n<p>What also stood out was the removal of the outgoing director\u2011general of DG Trade, Sabine Weygand, who was &#8220;guilty,&#8221; as many believe, of having criticised a few months earlier the downplaying of the tariff war with Trump by the von der Leyen\u2013\u0160ef\u010dovi\u010d duo, when \u0160ef\u010dovi\u010d was serving as European Commissioner for Trade.<\/p>\n<p>With the end of the old European \u2018Cencelli\u2019 system \u2014 a careful balancing of personal competence and the political weight of each member state \u2014 the team of director\u2011generals of the European Commission, essentially the EU\u2019s &#8220;deep state&#8221;, increasingly appears to be shaped by what is emerging as the only real centre of power: President von der Leyen\u2019s cabinet.<\/p>\n<p>Who, then, will replace the Italians Roberto Viola and Sandra Gallina, both of whom are stepping down this year from their respective posts as Directors-General of DG Connect and DG Health?<\/p>\n","protected":false},"excerpt":{"rendered":"<p>It does not seem to be an easy time for the European Commission, and especially for its President, Ursula von der Leyen. The war in the Middle East,&nbsp;with the return of politics taking precedence and, perhaps, some early ill\u2011timed statements of support for the Israeli\u2011American attack, with little regard for international law, has pushed into [&hellip;]<\/p>\n","protected":false},"author":7592,"featured_media":451735,"comment_status":"closed","ping_status":"closed","sticky":false,"template":"","format":"standard","meta":{"_acf_changed":false,"episode_type":"","audio_file":"","podmotor_file_id":"","podmotor_episode_id":"","cover_image":"","cover_image_id":"","duration":"","filesize":"","filesize_raw":"","date_recorded":"","explicit":"","block":"","jnews-multi-image_gallery":[],"jnews_single_post":{"format":"standard","override":[{"template":"1","parallax":"1","fullscreen":"1","layout":"right-sidebar","sidebar":"default-sidebar","second_sidebar":"default-sidebar","sticky_sidebar":"1","share_position":"top","share_float_style":"share-monocrhome","show_featured":"1","show_post_meta":"1","show_post_author":"1","show_post_author_image":"1","show_post_date":"1","post_date_format":"default","post_date_format_custom":"Y\/m\/d","show_post_category":"1","show_post_reading_time":"0","post_reading_time_wpm":"300","post_calculate_word_method":"str_word_count","show_zoom_button":"0","zoom_button_out_step":"2","zoom_button_in_step":"3","show_post_tag":"1","show_prev_next_post":"1","show_popup_post":"1","show_comment_section":"1","number_popup_post":"1","show_author_box":"0","show_post_related":"1","show_inline_post_related":"0"}],"image_override":[{"single_post_thumbnail_size":"crop-500","single_post_gallery_size":"crop-500"}],"trending_post_position":"meta","trending_post_label":"Trending","sponsored_post_label":"Sponsored by","disable_ad":"0","subtitle":""},"jnews_primary_category":[],"jnews_override_counter":{"view_counter_number":"0","share_counter_number":"0","like_counter_number":"0","dislike_counter_number":"0"},"footnotes":""},"categories":[25711,25681],"tags":[33924,28325,25921],"class_list":["post-451770","post","type-post","status-publish","format-standard","has-post-thumbnail","hentry","category-opinions","category-politics","tag-comando","tag-nomine-en-2","tag-von-der-leyen-en"],"acf":[],"_links":{"self":[{"href":"https:\/\/www.eunews.it\/en\/wp-json\/wp\/v2\/posts\/451770","targetHints":{"allow":["GET"]}}],"collection":[{"href":"https:\/\/www.eunews.it\/en\/wp-json\/wp\/v2\/posts"}],"about":[{"href":"https:\/\/www.eunews.it\/en\/wp-json\/wp\/v2\/types\/post"}],"author":[{"embeddable":true,"href":"https:\/\/www.eunews.it\/en\/wp-json\/wp\/v2\/users\/7592"}],"replies":[{"embeddable":true,"href":"https:\/\/www.eunews.it\/en\/wp-json\/wp\/v2\/comments?post=451770"}],"version-history":[{"count":1,"href":"https:\/\/www.eunews.it\/en\/wp-json\/wp\/v2\/posts\/451770\/revisions"}],"predecessor-version":[{"id":451771,"href":"https:\/\/www.eunews.it\/en\/wp-json\/wp\/v2\/posts\/451770\/revisions\/451771"}],"wp:featuredmedia":[{"embeddable":true,"href":"https:\/\/www.eunews.it\/en\/wp-json\/wp\/v2\/media\/451735"}],"wp:attachment":[{"href":"https:\/\/www.eunews.it\/en\/wp-json\/wp\/v2\/media?parent=451770"}],"wp:term":[{"taxonomy":"category","embeddable":true,"href":"https:\/\/www.eunews.it\/en\/wp-json\/wp\/v2\/categories?post=451770"},{"taxonomy":"post_tag","embeddable":true,"href":"https:\/\/www.eunews.it\/en\/wp-json\/wp\/v2\/tags?post=451770"}],"curies":[{"name":"wp","href":"https:\/\/api.w.org\/{rel}","templated":true}]}}