{"id":30972,"count":2,"description":"","link":"https:\/\/www.eunews.it\/en\/tag\/alberto-nunez-feijoo-en-2\/","name":"alberto n\u00fa\u00f1ez feij\u00f3o","slug":"alberto-nunez-feijoo-en-2","taxonomy":"post_tag","meta":[],"_links":{"self":[{"href":"https:\/\/www.eunews.it\/en\/wp-json\/wp\/v2\/tags\/30972","targetHints":{"allow":["GET"]}}],"collection":[{"href":"https:\/\/www.eunews.it\/en\/wp-json\/wp\/v2\/tags"}],"about":[{"href":"https:\/\/www.eunews.it\/en\/wp-json\/wp\/v2\/taxonomies\/post_tag"}],"wp:post_type":[{"href":"https:\/\/www.eunews.it\/en\/wp-json\/wp\/v2\/posts?tags=30972"},{"href":"https:\/\/www.eunews.it\/en\/wp-json\/wp\/v2\/podcast?tags=30972"}],"curies":[{"name":"wp","href":"https:\/\/api.w.org\/{rel}","templated":true}]}}