{"id":33904,"count":1,"description":"","link":"https:\/\/www.eunews.it\/tag\/solo-si-e-si\/","name":"solo s\u00ec \u00e8 s\u00ec","slug":"solo-si-e-si","taxonomy":"post_tag","meta":[],"_links":{"self":[{"href":"https:\/\/www.eunews.it\/en\/wp-json\/wp\/v2\/tags\/33904","targetHints":{"allow":["GET"]}}],"collection":[{"href":"https:\/\/www.eunews.it\/en\/wp-json\/wp\/v2\/tags"}],"about":[{"href":"https:\/\/www.eunews.it\/en\/wp-json\/wp\/v2\/taxonomies\/post_tag"}],"wp:post_type":[{"href":"https:\/\/www.eunews.it\/en\/wp-json\/wp\/v2\/posts?tags=33904"},{"href":"https:\/\/www.eunews.it\/en\/wp-json\/wp\/v2\/podcast?tags=33904"}],"curies":[{"name":"wp","href":"https:\/\/api.w.org\/{rel}","templated":true}]}}